{"id":342,"date":"2022-06-28T00:00:00","date_gmt":"2022-06-28T10:00:00","guid":{"rendered":"https:\/\/pezgordon.com\/msf_dev\/2022\/06\/28\/dia-internacional-del-orgullo-lgbtqia\/"},"modified":"2022-06-28T00:00:00","modified_gmt":"2022-06-28T10:00:00","slug":"dia-internacional-del-orgullo-lgbtqia","status":"publish","type":"post","link":"https:\/\/pezgordon.com\/msf_dev\/actualidad\/dia-internacional-del-orgullo-lgbtqia\/","title":{"rendered":"D\u00eda Internacional del Orgullo LGBTQIA+"},"content":{"rendered":"<p>En muchos de los lugares en que trabajamos, las personas lesbianas, gays, bisexuales, transg\u00e9nero, queer, interesexuales y asexuales suelen ser <strong>marginalizadas <\/strong>y <strong>privadas del\u00a0acceso a la salud.\u00a0<\/strong><\/p>\n<p>A continuaci\u00f3n, te compartimos los testimonios de dos pacientes de nuestra organizaci\u00f3n en Latinoam\u00e9rica que migraron de su pa\u00eds y sufrieron discriminaci\u00f3n por su orientaci\u00f3n sexual.<\/p>\n<h2>Gustavo, migrante de El Salvador en M\u00e9xico<\/h2>\n<div class=\"media-p\">\n<div class=\"media media-element-container media-wysiwyg\">\n<div id=\"file-58118\" class=\"file file-image file-image-jpeg\">\n<div class=\"content\">\n    <img loading=\"lazy\" decoding=\"async\" alt=\"Gustavo, migrante de El Salvador y paciente del CAI, en M\u00e9xico\" title=\"Gustavo, migrante de El Salvador y paciente del CAI, en M\u00e9xico\" class=\"media-element file-wysiwyg\" data-delta=\"2\" typeof=\"foaf:Image\" src=\"https:\/\/pezgordon.com\/msf_dev\/wp-content\/uploads\/2022\/11\/msb127759_medium.jpg?itok=ZVG_KY0h\" width=\"735\" height=\"490\" \/><\/p>\n<div class=\"content-image__copyright\"><span class=\"image__caption\">Gustavo migr\u00f3 desde El Salvador hacia M\u00e9xico. Actualmente es paciente del Centro de Atenci\u00f3n Integral para V\u00edctimas de Violencia Extrema y Tortura (CAI), situado en Ciudad de M\u00e9xico.<\/span><span class=\"image__copyright\"> \u00a9 Jordi Ruiz Cirera.<\/span><\/div>\n<\/p><\/div>\n<\/div>\n<\/div>\n<\/div>\n<p>Tuve que salir porque <strong>vi algo que no ten\u00eda que ver<\/strong>. Alguien me avis\u00f3 que ten\u00eda cinco minutos para salir de mi casa. Camin\u00e9 por los montes hasta que pude llegar a un punto seguro donde me recogieron mis hermanos para acercarme a la frontera.<\/p>\n<p>Supe que mi casa, como a los 15 o 20 minutos de que sal\u00ed, fue <strong>asaltada<\/strong>. <strong>Destruyeron todo lo que hab\u00eda<\/strong>,<strong>\u00a0<\/strong>dejaron marcas de bala en las paredes, <strong>iban a matarme<\/strong>. Cuando llegu\u00e9 a Guatemala fui <strong>extorsionado por las autoridades migratorias<\/strong>.<\/p>\n<p>Entrando a M\u00e9xico tambi\u00e9n fui <strong>extorsionado por los polic\u00edas<\/strong>. <strong>Dorm\u00eda en la calle, no com\u00eda<\/strong>. <strong>Intentaron violarme andando en la calle<\/strong> hasta que me acerqu\u00e9 a ACNUR. Vieron mi caso y me mandaron para un albergue en Tapachula. Estando ah\u00ed me contaron del CAI.<\/p>\n<p><strong>En mi pa\u00eds ya no existo<\/strong> y como consecuencia <strong>perd\u00ed a mi familia<\/strong>, una vida hecha. Yo ten\u00eda mi trabajo, amo cocinar y a eso me dedicaba, ahora pienso que al final ya no importa, <strong>lo m\u00e1s importante es que salve mi vida<\/strong>, pero duele. Duele saber que, aunque mi mam\u00e1 y mis hermanos saben que estoy vivo, no puedo estar con ellos. Este diciembre que pas\u00f3 fue uno de los m\u00e1s duros.<\/p>\n<p>En junio se cumple un a\u00f1o que sal\u00ed de casa. <strong>Ha sido muy dif\u00edcil adaptarme<\/strong>, pienso que es <strong>m\u00e1s dif\u00edcil para m\u00ed porque soy de la comunidad LGTB<\/strong>. He sido <strong>discriminado por ser gay y por ser migrante<\/strong>. He estado trabajando, s\u00e9 de construcci\u00f3n. Me gustar\u00eda emprender un negocio en remodelaciones de casas, ser organizador de eventos o trabajar de nuevo en la cocina.<\/p>\n<h2>Alder, migrante de Ghana en Panam\u00e1<\/h2>\n<div class=\"media-p\">\n<div class=\"media media-element-container media-wysiwyg\">\n<div id=\"file-58117\" class=\"file file-image file-image-jpeg\">\n<div class=\"content\">\n    <img loading=\"lazy\" decoding=\"async\" alt=\"Alder, migrante de Ghana que cruz\u00f3 el Dari\u00e9n en la Estaci\u00f3n de Recepci\u00f3n Migratoria de San Vicente, Panam\u00e1\" title=\"Alder, migrante de Ghana que cruz\u00f3 el Dari\u00e9n en la Estaci\u00f3n de Recepci\u00f3n Migratoria de San Vicente, Panam\u00e1\" class=\"media-element file-wysiwyg\" data-delta=\"1\" typeof=\"foaf:Image\" src=\"https:\/\/pezgordon.com\/msf_dev\/wp-content\/uploads\/2022\/11\/msb126061_alder_migrante_ghana_darien.jpg?itok=rvQLjtgC\" width=\"735\" height=\"551\" \/><\/p>\n<div class=\"content-image__copyright\"><span class=\"image__caption\">Alder es un migrante de Ghana que cruz\u00f3 la peligrosa selva del Dari\u00e9n, en la frontera entre Colombia y Panam\u00e1. En la foto, se encuentra en la Estaci\u00f3n de Recepci\u00f3n Migratoria de San Vicente, Panam\u00e1.<\/span><span class=\"image__copyright\"> \u00a9 Santiago Valenzuela\/MSF.<\/span><\/div>\n<\/p><\/div>\n<\/div>\n<\/div>\n<\/div>\n<p>Cuando cumpl\u00ed 19 a\u00f1os me di cuenta de que <strong>me gustaban los hombres y las mujeres<\/strong>. Decid\u00ed dec\u00edrselo a mi familia y a mis conocidos, pero fue la peor decisi\u00f3n que pude haber tomado. En Ghana, pa\u00eds en el que nac\u00ed, est\u00e1 <strong>muy mal visto tener una orientaci\u00f3n sexual diferente<\/strong>; <strong>te discriminan, te amenazan, no te dan trabajo<\/strong>. Pasaron <strong>dos a\u00f1os terribles<\/strong> para m\u00ed y tan pronto cumpl\u00ed 21 a\u00f1os decid\u00ed<strong> irme para Estados Unidos<\/strong>; por eso estoy aqu\u00ed, en el Dari\u00e9n.\u00a0<\/p>\n<p>Voy a Estados Unidos porque siento que all\u00e1 puedo tener derechos y <strong>no debo verme en la obligaci\u00f3n de tener que cambiar ni esconderme<\/strong>, que fue b\u00e1sicamente lo que hice en el \u00faltimo a\u00f1o en mi pa\u00eds: iba de pueblo en pueblo buscando trabajo y <strong>me discriminaban<\/strong>. Por eso ahorr\u00e9, compr\u00e9 un pasaje a Brasil y luego pas\u00e9 a Per\u00fa, Ecuador, Colombia y ahora Panam\u00e1, que ha sido lo peor de todo el camino\u2026<\/p>\n<p>Cruzar el Dari\u00e9n, incluso por la ruta corta como lo hice yo, <strong>es muy dif\u00edcil y triste<\/strong>. Siento que<strong> arriesgu\u00e9 mi vida <\/strong>y no lo volver\u00eda a hacer. Yo tengo un buen estado f\u00edsico, soy joven, pero en el camino ve\u00eda personas ancianas, beb\u00e9s, incluso gente muerta, muchos ahogados\u2026. Estas son <strong>im\u00e1genes que dif\u00edcilmente me quitar\u00e9 de la mente<\/strong>. Cuando vi <strong>muertos en la orilla <\/strong>del r\u00edo solo pensaba en correr y correr, en correr por mi vida.\u00a0<\/p>\n<p>En el grupo de migrantes nos hablaban mucho de robos y violaciones, eso es muy fuerte tambi\u00e9n, y sobre todo escucharlo de gente que lo ha padecido. Desde Per\u00fa yo no me estaba sintiendo bien porque las autoridades <strong>me trataban mal por ser \u201cafricano\u201d y \u201cnegro\u201d<\/strong>, me dejaban de \u00faltimo en la fila, no me dejaban quedar en hostales, todo eso me ha afectado. Las autoridades en estos pa\u00edses latinos creen que por ser negro debo dormir en el suelo, incluso me han dicho que mi est\u00f3mago debe aguantar sin comer, o que puedo comer basura.\u00a0<\/p>\n<p>Todo este malestar se ha agravado en la selva al ver tanta gente <strong>sufrir <\/strong>y al <strong>no comer ni dormir<\/strong>. Yo mismo tuve que botar mi morral para lograr subir una monta\u00f1a. \u00a1Era muy empinada! Cualquier peso te deten\u00eda. Yo ve\u00eda a mujeres con ni\u00f1os tratando de escalar y me parec\u00eda muy fuerte. Incluso hab\u00eda hombres cargando a sus esposas que estaban heridas por lo dif\u00edcil que es el camino. Yo debo seguir a Estados Unidos, pero <strong>no quisiera pasar por esto nunca m\u00e1s en mi vida.<\/strong>\u00a0<\/p>\n<h2>Amor sin fronteras<\/h2>\n<p><strong>A ninguna persona se le deber\u00eda negar el acceso a la atenci\u00f3n m\u00e9dica y en salud mental\u00a0<\/strong>simplemente por quienes son o\u00a0a quien\u00a0aman. Nuestra organizaci\u00f3n brinda asistencia m\u00e9dica a todas las personas, independientemente de su identidad de g\u00e9nero u orientaci\u00f3n sexual.<\/p>\n<p>Por eso, hoy reiteramos nuestro apoyo y solidaridad con nuestras y nuestros pacientes y colegas alrededor del mundo que forman parte de la comunidad LGTBQIA+.\u00a0\u00a0<\/p>\n","protected":false},"excerpt":{"rendered":"<p>Hoy reiteramos nuestro apoyo y solidaridad con nuestras y nuestros pacientes y colegas alrededor del mundo que forman parte de la comunidad LGTBQIA+. <\/p>\n","protected":false},"author":1,"featured_media":343,"comment_status":"open","ping_status":"open","sticky":false,"template":"","format":"standard","meta":{"_acf_changed":false,"footnotes":""},"categories":[1],"tags":[],"paises":[50,101,111],"class_list":["post-342","post","type-post","status-publish","format-standard","has-post-thumbnail","hentry","category-sin-categoria","paises-el-salvador","paises-mexico","paises-panama"],"acf":[],"yoast_head":"<!-- This site is optimized with the Yoast SEO plugin v23.0 - https:\/\/yoast.com\/wordpress\/plugins\/seo\/ -->\n<title>D\u00eda Internacional del Orgullo LGBTQIA+ - M\u00e9dicos Sin Fronteras Colombia | Ayuda m\u00e9dico-humanitaria<\/title>\n<meta name=\"robots\" content=\"noindex, follow, max-snippet:-1, max-image-preview:large, max-video-preview:-1\" \/>\n<meta property=\"og:locale\" content=\"es_ES\" \/>\n<meta property=\"og:type\" content=\"article\" \/>\n<meta property=\"og:title\" content=\"D\u00eda Internacional del Orgullo LGBTQIA+ - M\u00e9dicos Sin Fronteras Colombia | Ayuda m\u00e9dico-humanitaria\" \/>\n<meta property=\"og:description\" content=\"Hoy reiteramos nuestro apoyo y solidaridad con nuestras y nuestros pacientes y colegas alrededor del mundo que forman parte de la comunidad LGTBQIA+.\" \/>\n<meta property=\"og:url\" content=\"https:\/\/pezgordon.com\/msf_dev\/actualidad\/dia-internacional-del-orgullo-lgbtqia\/\" \/>\n<meta property=\"og:site_name\" content=\"M\u00e9dicos Sin Fronteras Colombia | Ayuda m\u00e9dico-humanitaria\" \/>\n<meta property=\"article:publisher\" content=\"https:\/\/www.facebook.com\/medicossinfronteras.ong\" \/>\n<meta property=\"article:published_time\" content=\"2022-06-28T10:00:00+00:00\" \/>\n<meta property=\"og:image\" content=\"https:\/\/pezgordon.com\/msf_dev\/wp-content\/uploads\/2022\/11\/amor_sin_fronteras_1080x608_0.png\" \/>\n\t<meta property=\"og:image:width\" content=\"1080\" \/>\n\t<meta property=\"og:image:height\" content=\"608\" \/>\n\t<meta property=\"og:image:type\" content=\"image\/png\" \/>\n<meta name=\"author\" content=\"dev_ops\" \/>\n<meta name=\"twitter:card\" content=\"summary_large_image\" \/>\n<meta name=\"twitter:creator\" content=\"@MSF_Colombia\" \/>\n<meta name=\"twitter:site\" content=\"@MSF_Colombia\" \/>\n<script type=\"application\/ld+json\" class=\"yoast-schema-graph\">{\"@context\":\"https:\/\/schema.org\",\"@graph\":[{\"@type\":\"Article\",\"@id\":\"https:\/\/pezgordon.com\/msf_dev\/actualidad\/dia-internacional-del-orgullo-lgbtqia\/#article\",\"isPartOf\":{\"@id\":\"https:\/\/pezgordon.com\/msf_dev\/actualidad\/dia-internacional-del-orgullo-lgbtqia\/\"},\"author\":{\"name\":\"dev_ops\",\"@id\":\"https:\/\/pezgordon.com\/msf_dev\/#\/schema\/person\/054d70cc916aae3c9caa0dac8cbc71c6\"},\"headline\":\"D\u00eda Internacional del Orgullo LGBTQIA+\",\"datePublished\":\"2022-06-28T10:00:00+00:00\",\"dateModified\":\"2022-06-28T10:00:00+00:00\",\"mainEntityOfPage\":{\"@id\":\"https:\/\/pezgordon.com\/msf_dev\/actualidad\/dia-internacional-del-orgullo-lgbtqia\/\"},\"wordCount\":965,\"commentCount\":0,\"publisher\":{\"@id\":\"https:\/\/pezgordon.com\/msf_dev\/#organization\"},\"image\":{\"@id\":\"https:\/\/pezgordon.com\/msf_dev\/actualidad\/dia-internacional-del-orgullo-lgbtqia\/#primaryimage\"},\"thumbnailUrl\":\"https:\/\/pezgordon.com\/msf_dev\/wp-content\/uploads\/2022\/11\/amor_sin_fronteras_1080x608_0.png\",\"inLanguage\":\"es\",\"potentialAction\":[{\"@type\":\"CommentAction\",\"name\":\"Comment\",\"target\":[\"https:\/\/pezgordon.com\/msf_dev\/actualidad\/dia-internacional-del-orgullo-lgbtqia\/#respond\"]}]},{\"@type\":\"WebPage\",\"@id\":\"https:\/\/pezgordon.com\/msf_dev\/actualidad\/dia-internacional-del-orgullo-lgbtqia\/\",\"url\":\"https:\/\/pezgordon.com\/msf_dev\/actualidad\/dia-internacional-del-orgullo-lgbtqia\/\",\"name\":\"D\u00eda Internacional del Orgullo LGBTQIA+ - M\u00e9dicos Sin Fronteras Colombia | Ayuda m\u00e9dico-humanitaria\",\"isPartOf\":{\"@id\":\"https:\/\/pezgordon.com\/msf_dev\/#website\"},\"primaryImageOfPage\":{\"@id\":\"https:\/\/pezgordon.com\/msf_dev\/actualidad\/dia-internacional-del-orgullo-lgbtqia\/#primaryimage\"},\"image\":{\"@id\":\"https:\/\/pezgordon.com\/msf_dev\/actualidad\/dia-internacional-del-orgullo-lgbtqia\/#primaryimage\"},\"thumbnailUrl\":\"https:\/\/pezgordon.com\/msf_dev\/wp-content\/uploads\/2022\/11\/amor_sin_fronteras_1080x608_0.png\",\"datePublished\":\"2022-06-28T10:00:00+00:00\",\"dateModified\":\"2022-06-28T10:00:00+00:00\",\"breadcrumb\":{\"@id\":\"https:\/\/pezgordon.com\/msf_dev\/actualidad\/dia-internacional-del-orgullo-lgbtqia\/#breadcrumb\"},\"inLanguage\":\"es\",\"potentialAction\":[{\"@type\":\"ReadAction\",\"target\":[\"https:\/\/pezgordon.com\/msf_dev\/actualidad\/dia-internacional-del-orgullo-lgbtqia\/\"]}]},{\"@type\":\"ImageObject\",\"inLanguage\":\"es\",\"@id\":\"https:\/\/pezgordon.com\/msf_dev\/actualidad\/dia-internacional-del-orgullo-lgbtqia\/#primaryimage\",\"url\":\"https:\/\/pezgordon.com\/msf_dev\/wp-content\/uploads\/2022\/11\/amor_sin_fronteras_1080x608_0.png\",\"contentUrl\":\"https:\/\/pezgordon.com\/msf_dev\/wp-content\/uploads\/2022\/11\/amor_sin_fronteras_1080x608_0.png\",\"width\":1080,\"height\":608},{\"@type\":\"BreadcrumbList\",\"@id\":\"https:\/\/pezgordon.com\/msf_dev\/actualidad\/dia-internacional-del-orgullo-lgbtqia\/#breadcrumb\",\"itemListElement\":[{\"@type\":\"ListItem\",\"position\":1,\"name\":\"Home\",\"item\":\"https:\/\/pezgordon.com\/msf_dev\/\"},{\"@type\":\"ListItem\",\"position\":2,\"name\":\"D\u00eda Internacional del Orgullo LGBTQIA+\"}]},{\"@type\":\"WebSite\",\"@id\":\"https:\/\/pezgordon.com\/msf_dev\/#website\",\"url\":\"https:\/\/pezgordon.com\/msf_dev\/\",\"name\":\"M\u00e9dicos Sin Fronteras Colombia | Ayuda m\u00e9dico-humanitaria\",\"description\":\"\",\"publisher\":{\"@id\":\"https:\/\/pezgordon.com\/msf_dev\/#organization\"},\"potentialAction\":[{\"@type\":\"SearchAction\",\"target\":{\"@type\":\"EntryPoint\",\"urlTemplate\":\"https:\/\/pezgordon.com\/msf_dev\/?s={search_term_string}\"},\"query-input\":\"required name=search_term_string\"}],\"inLanguage\":\"es\"},{\"@type\":\"Organization\",\"@id\":\"https:\/\/pezgordon.com\/msf_dev\/#organization\",\"name\":\"M\u00e9dicos Sin Fronteras Colombia\",\"alternateName\":\"MSF\",\"url\":\"https:\/\/pezgordon.com\/msf_dev\/\",\"logo\":{\"@type\":\"ImageObject\",\"inLanguage\":\"es\",\"@id\":\"https:\/\/pezgordon.com\/msf_dev\/#\/schema\/logo\/image\/\",\"url\":\"https:\/\/pezgordon.com\/msf_dev\/wp-content\/uploads\/2023\/05\/msf_organization.png\",\"contentUrl\":\"https:\/\/pezgordon.com\/msf_dev\/wp-content\/uploads\/2023\/05\/msf_organization.png\",\"width\":120,\"height\":120,\"caption\":\"M\u00e9dicos Sin Fronteras Colombia\"},\"image\":{\"@id\":\"https:\/\/pezgordon.com\/msf_dev\/#\/schema\/logo\/image\/\"},\"sameAs\":[\"https:\/\/www.facebook.com\/medicossinfronteras.ong\",\"https:\/\/x.com\/MSF_Colombia\",\"https:\/\/www.youtube.com\/user\/MedicosSinFronteras\",\"https:\/\/www.tiktok.com\/@medicossinfronteras\",\"https:\/\/www.instagram.com\/msf_sudamerica\",\"https:\/\/www.linkedin.com\/company\/msf-latam\/mycompany\/\"]},{\"@type\":\"Person\",\"@id\":\"https:\/\/pezgordon.com\/msf_dev\/#\/schema\/person\/054d70cc916aae3c9caa0dac8cbc71c6\",\"name\":\"dev_ops\",\"sameAs\":[\"http:\/\/localhost\/medicos\"]}]}<\/script>\n<!-- \/ Yoast SEO plugin. -->","yoast_head_json":{"title":"D\u00eda Internacional del Orgullo LGBTQIA+ - M\u00e9dicos Sin Fronteras Colombia | Ayuda m\u00e9dico-humanitaria","robots":{"index":"noindex","follow":"follow","max-snippet":"max-snippet:-1","max-image-preview":"max-image-preview:large","max-video-preview":"max-video-preview:-1"},"og_locale":"es_ES","og_type":"article","og_title":"D\u00eda Internacional del Orgullo LGBTQIA+ - M\u00e9dicos Sin Fronteras Colombia | Ayuda m\u00e9dico-humanitaria","og_description":"Hoy reiteramos nuestro apoyo y solidaridad con nuestras y nuestros pacientes y colegas alrededor del mundo que forman parte de la comunidad LGTBQIA+.","og_url":"https:\/\/pezgordon.com\/msf_dev\/actualidad\/dia-internacional-del-orgullo-lgbtqia\/","og_site_name":"M\u00e9dicos Sin Fronteras Colombia | Ayuda m\u00e9dico-humanitaria","article_publisher":"https:\/\/www.facebook.com\/medicossinfronteras.ong","article_published_time":"2022-06-28T10:00:00+00:00","og_image":[{"width":1080,"height":608,"url":"https:\/\/pezgordon.com\/msf_dev\/wp-content\/uploads\/2022\/11\/amor_sin_fronteras_1080x608_0.png","type":"image\/png"}],"author":"dev_ops","twitter_card":"summary_large_image","twitter_creator":"@MSF_Colombia","twitter_site":"@MSF_Colombia","schema":{"@context":"https:\/\/schema.org","@graph":[{"@type":"Article","@id":"https:\/\/pezgordon.com\/msf_dev\/actualidad\/dia-internacional-del-orgullo-lgbtqia\/#article","isPartOf":{"@id":"https:\/\/pezgordon.com\/msf_dev\/actualidad\/dia-internacional-del-orgullo-lgbtqia\/"},"author":{"name":"dev_ops","@id":"https:\/\/pezgordon.com\/msf_dev\/#\/schema\/person\/054d70cc916aae3c9caa0dac8cbc71c6"},"headline":"D\u00eda Internacional del Orgullo LGBTQIA+","datePublished":"2022-06-28T10:00:00+00:00","dateModified":"2022-06-28T10:00:00+00:00","mainEntityOfPage":{"@id":"https:\/\/pezgordon.com\/msf_dev\/actualidad\/dia-internacional-del-orgullo-lgbtqia\/"},"wordCount":965,"commentCount":0,"publisher":{"@id":"https:\/\/pezgordon.com\/msf_dev\/#organization"},"image":{"@id":"https:\/\/pezgordon.com\/msf_dev\/actualidad\/dia-internacional-del-orgullo-lgbtqia\/#primaryimage"},"thumbnailUrl":"https:\/\/pezgordon.com\/msf_dev\/wp-content\/uploads\/2022\/11\/amor_sin_fronteras_1080x608_0.png","inLanguage":"es","potentialAction":[{"@type":"CommentAction","name":"Comment","target":["https:\/\/pezgordon.com\/msf_dev\/actualidad\/dia-internacional-del-orgullo-lgbtqia\/#respond"]}]},{"@type":"WebPage","@id":"https:\/\/pezgordon.com\/msf_dev\/actualidad\/dia-internacional-del-orgullo-lgbtqia\/","url":"https:\/\/pezgordon.com\/msf_dev\/actualidad\/dia-internacional-del-orgullo-lgbtqia\/","name":"D\u00eda Internacional del Orgullo LGBTQIA+ - M\u00e9dicos Sin Fronteras Colombia | Ayuda m\u00e9dico-humanitaria","isPartOf":{"@id":"https:\/\/pezgordon.com\/msf_dev\/#website"},"primaryImageOfPage":{"@id":"https:\/\/pezgordon.com\/msf_dev\/actualidad\/dia-internacional-del-orgullo-lgbtqia\/#primaryimage"},"image":{"@id":"https:\/\/pezgordon.com\/msf_dev\/actualidad\/dia-internacional-del-orgullo-lgbtqia\/#primaryimage"},"thumbnailUrl":"https:\/\/pezgordon.com\/msf_dev\/wp-content\/uploads\/2022\/11\/amor_sin_fronteras_1080x608_0.png","datePublished":"2022-06-28T10:00:00+00:00","dateModified":"2022-06-28T10:00:00+00:00","breadcrumb":{"@id":"https:\/\/pezgordon.com\/msf_dev\/actualidad\/dia-internacional-del-orgullo-lgbtqia\/#breadcrumb"},"inLanguage":"es","potentialAction":[{"@type":"ReadAction","target":["https:\/\/pezgordon.com\/msf_dev\/actualidad\/dia-internacional-del-orgullo-lgbtqia\/"]}]},{"@type":"ImageObject","inLanguage":"es","@id":"https:\/\/pezgordon.com\/msf_dev\/actualidad\/dia-internacional-del-orgullo-lgbtqia\/#primaryimage","url":"https:\/\/pezgordon.com\/msf_dev\/wp-content\/uploads\/2022\/11\/amor_sin_fronteras_1080x608_0.png","contentUrl":"https:\/\/pezgordon.com\/msf_dev\/wp-content\/uploads\/2022\/11\/amor_sin_fronteras_1080x608_0.png","width":1080,"height":608},{"@type":"BreadcrumbList","@id":"https:\/\/pezgordon.com\/msf_dev\/actualidad\/dia-internacional-del-orgullo-lgbtqia\/#breadcrumb","itemListElement":[{"@type":"ListItem","position":1,"name":"Home","item":"https:\/\/pezgordon.com\/msf_dev\/"},{"@type":"ListItem","position":2,"name":"D\u00eda Internacional del Orgullo LGBTQIA+"}]},{"@type":"WebSite","@id":"https:\/\/pezgordon.com\/msf_dev\/#website","url":"https:\/\/pezgordon.com\/msf_dev\/","name":"M\u00e9dicos Sin Fronteras Colombia | Ayuda m\u00e9dico-humanitaria","description":"","publisher":{"@id":"https:\/\/pezgordon.com\/msf_dev\/#organization"},"potentialAction":[{"@type":"SearchAction","target":{"@type":"EntryPoint","urlTemplate":"https:\/\/pezgordon.com\/msf_dev\/?s={search_term_string}"},"query-input":"required name=search_term_string"}],"inLanguage":"es"},{"@type":"Organization","@id":"https:\/\/pezgordon.com\/msf_dev\/#organization","name":"M\u00e9dicos Sin Fronteras Colombia","alternateName":"MSF","url":"https:\/\/pezgordon.com\/msf_dev\/","logo":{"@type":"ImageObject","inLanguage":"es","@id":"https:\/\/pezgordon.com\/msf_dev\/#\/schema\/logo\/image\/","url":"https:\/\/pezgordon.com\/msf_dev\/wp-content\/uploads\/2023\/05\/msf_organization.png","contentUrl":"https:\/\/pezgordon.com\/msf_dev\/wp-content\/uploads\/2023\/05\/msf_organization.png","width":120,"height":120,"caption":"M\u00e9dicos Sin Fronteras Colombia"},"image":{"@id":"https:\/\/pezgordon.com\/msf_dev\/#\/schema\/logo\/image\/"},"sameAs":["https:\/\/www.facebook.com\/medicossinfronteras.ong","https:\/\/x.com\/MSF_Colombia","https:\/\/www.youtube.com\/user\/MedicosSinFronteras","https:\/\/www.tiktok.com\/@medicossinfronteras","https:\/\/www.instagram.com\/msf_sudamerica","https:\/\/www.linkedin.com\/company\/msf-latam\/mycompany\/"]},{"@type":"Person","@id":"https:\/\/pezgordon.com\/msf_dev\/#\/schema\/person\/054d70cc916aae3c9caa0dac8cbc71c6","name":"dev_ops","sameAs":["http:\/\/localhost\/medicos"]}]}},"menu_order":0,"_links":{"self":[{"href":"https:\/\/pezgordon.com\/msf_dev\/wp-json\/wp\/v2\/posts\/342"}],"collection":[{"href":"https:\/\/pezgordon.com\/msf_dev\/wp-json\/wp\/v2\/posts"}],"about":[{"href":"https:\/\/pezgordon.com\/msf_dev\/wp-json\/wp\/v2\/types\/post"}],"author":[{"embeddable":true,"href":"https:\/\/pezgordon.com\/msf_dev\/wp-json\/wp\/v2\/users\/1"}],"replies":[{"embeddable":true,"href":"https:\/\/pezgordon.com\/msf_dev\/wp-json\/wp\/v2\/comments?post=342"}],"version-history":[{"count":0,"href":"https:\/\/pezgordon.com\/msf_dev\/wp-json\/wp\/v2\/posts\/342\/revisions"}],"wp:featuredmedia":[{"embeddable":true,"href":"https:\/\/pezgordon.com\/msf_dev\/wp-json\/wp\/v2\/media\/343"}],"wp:attachment":[{"href":"https:\/\/pezgordon.com\/msf_dev\/wp-json\/wp\/v2\/media?parent=342"}],"wp:term":[{"taxonomy":"category","embeddable":true,"href":"https:\/\/pezgordon.com\/msf_dev\/wp-json\/wp\/v2\/categories?post=342"},{"taxonomy":"post_tag","embeddable":true,"href":"https:\/\/pezgordon.com\/msf_dev\/wp-json\/wp\/v2\/tags?post=342"},{"taxonomy":"paises","embeddable":true,"href":"https:\/\/pezgordon.com\/msf_dev\/wp-json\/wp\/v2\/paises?post=342"}],"curies":[{"name":"wp","href":"https:\/\/api.w.org\/{rel}","templated":true}]}}