{"id":338,"date":"2022-06-29T00:00:00","date_gmt":"2022-06-29T08:00:56","guid":{"rendered":"https:\/\/pezgordon.com\/msf_dev\/2022\/06\/29\/las-personas-migrantes-atrapadas-en-libia-necesitan-salir-urgentemente-del-pais\/"},"modified":"2022-06-29T00:00:00","modified_gmt":"2022-06-29T08:00:56","slug":"las-personas-migrantes-atrapadas-en-libia-necesitan-salir-urgentemente-del-pais","status":"publish","type":"post","link":"https:\/\/pezgordon.com\/msf_dev\/actualidad\/las-personas-migrantes-atrapadas-en-libia-necesitan-salir-urgentemente-del-pais\/","title":{"rendered":"Las personas migrantes atrapadas en Libia necesitan salir urgentemente del pa\u00eds"},"content":{"rendered":"<p>Desde el inicio en 2016 de nuestra respuesta humanitaria para apoyar a las personas migrantes en <strong>Libia<\/strong>, nos hemos enfrentado en repetidas ocasiones a la <strong>imposibilidad de protegerles<\/strong> de sufrir da\u00f1o, tanto dentro como fuera de los centros de detenci\u00f3n, y a la <strong>dificultad de garantizar la continuidad de la atenci\u00f3n m\u00e9dica <\/strong>para las personas con las <strong>condiciones m\u00e9dicas m\u00e1s severas, tanto f\u00edsicas como mentales, incluyendo a personas v\u00edctimas de tortura.<\/strong><\/p>\n<blockquote class=\"blockquote-drupal\">\n<p>\u00abEn Libia, la mayor\u00eda de las personas migrantes son v\u00edctimas de detenciones arbitrarias, tortura y violencia, incluida la violencia sexual\u00bb, afirma Claudia Lodesani, nuestra directora de operaciones en Libia. \u201cEstas personas tienen posibilidades extremadamente limitadas de obtener protecci\u00f3n f\u00edsica y legal y, como resultado, la mortal ruta migratoria a trav\u00e9s del mar Mediterr\u00e1neo es a menudo su \u00fanica salida. Creemos que los pa\u00edses seguros, especialmente en la Uni\u00f3n Europea, que ha estado financiando la guardia costera libia durante a\u00f1os y fomentando el retorno forzado de migrantes a Libia, tienen el deber de facilitar la evacuaci\u00f3n de estas personas sobrevivientes de la violencia y protegerlas en su propio suelo\u201d, concluye.<\/p>\n<div class=\"media-p\">\n<div class=\"media media-element-container media-wysiwyg\">\n<div id=\"file-58126\" class=\"file file-image file-image-jpeg\">\n<div class=\"content\">\n    <img loading=\"lazy\" decoding=\"async\" class=\"media-element file-wysiwyg\" data-delta=\"2\" typeof=\"foaf:Image\" src=\"https:\/\/pezgordon.com\/msf_dev\/wp-content\/uploads\/2022\/11\/msb127087_solicitante_muestra_signos_tortura_centro_detencion_gharyan_al_hamra_libia.jpg?itok=TG4m2RGn\" width=\"735\" height=\"491\" alt=\"\" \/><\/p>\n<div class=\"content-image__copyright\"><span class=\"image__caption\">Imagen de archivo del 14 de junio de 2019: migrante retenido en el centro de detenci\u00f3n Gharyan al-Hamra, en Libia, muestra signos de tortura en su espalda. <\/span><span class=\"image__copyright\"> \u00a9 J\u00e9r\u00f4me Tubiana\/MSF.<\/span><\/div>\n<\/p><\/div>\n<\/div>\n<\/div>\n<\/div>\n<\/blockquote>\n<p>Publicamos un informe en ingl\u00e9s titulado <strong><a href=\"https:\/\/www.msf.org.ar\/sites\/default\/files\/rapport_out_of_libya-final-web.pdf\">Fuera de Libia<\/a> (Out of Libya)<\/strong>, que describe la<strong> debilidad de los mecanismos de protecci\u00f3n existentes para las personas atrapadas en Libia<\/strong>. Los <strong>pocos caminos legales hacia pa\u00edses seguros <\/strong>establecidos por el Alto Comisionado de las Naciones Unidas para los Refugiados (ACNUR) y la Organizaci\u00f3n Internacional para las Migraciones (OIM) <strong>son lentos y restrictivos<\/strong>.<\/p>\n<p>Solo las personas de nueve nacionalidades pueden ser consideradas para el registro, pero el acceso al mismo es casi inexistente fuera de Tr\u00edpoli y en los centros de detenci\u00f3n, y el n\u00famero de espacios de reubicaci\u00f3n en los pa\u00edses de destino es muy limitado. De las aproximadamente <strong>40.000 personas registradas <\/strong>en el programa de reasentamiento del ACNUR, <strong>solo 1.662 abandonaron Libia <\/strong>el a\u00f1o pasado. Cerca de 3.000 personas m\u00e1s lo hicieron a trav\u00e9s del programa de retorno voluntario de la OIM. En total, <strong>alrededor de 600.000 personas migrantes se encuentran en Libia.<\/strong><\/p>\n<p>Nuestro informe tambi\u00e9n presenta varias soluciones alternativas, como las impulsadas por organizaciones de ayuda en asociaci\u00f3n con gobiernos. En <strong>Italia <\/strong>ya se abri\u00f3 un <strong>corredor humanitario que est\u00e1 permitiendo la evacuaci\u00f3n de un grupo de personas altamente vulnerables y necesitadas de protecci\u00f3n<\/strong>, entre las que se incluyen pacientes tratados por nuestra organizaci\u00f3n en Libia.<\/p>\n<div class=\"media-p\">\n<div class=\"media media-element-container media-wysiwyg\">\n<div id=\"file-58125\" class=\"file file-image file-image-jpeg\">\n<div class=\"content\">\n    <img loading=\"lazy\" decoding=\"async\" class=\"media-element file-wysiwyg\" data-delta=\"1\" typeof=\"foaf:Image\" src=\"https:\/\/pezgordon.com\/msf_dev\/wp-content\/uploads\/2022\/11\/msb127269_centro_detencion_dhar_el_jebel_zintan_libia.jpg?itok=HQS2t8cW\" width=\"735\" height=\"511\" alt=\"\" \/><\/p>\n<div class=\"content-image__copyright\"><span class=\"image__caption\">Imagen de archivo del 2 de junio de 2019: solicitantes de asilo en la fila para distribuci\u00f3n de comida en el centro de detenci\u00f3n Dhar el-Jebel\/Zintan, en Libia.<\/span><span class=\"image__copyright\"> \u00a9 J\u00e9r\u00f4me Tubiana\/MSF.<\/span><\/div>\n<\/p><\/div>\n<\/div>\n<\/div>\n<\/div>\n<p>Mientras tanto, en <strong>Francia<\/strong>, se est\u00e1n realizando <strong>conversaciones con las autoridades para evacuar a supervivientes de tortura y violencia<\/strong>, as\u00ed como a personas con problemas m\u00e9dicos graves, que ser\u00edan atendidas por nuestra organizaci\u00f3n a su llegada a este pa\u00eds europeo.<\/p>\n<p>Pedimos que este tipo de mecanismo se duplique en otros pa\u00edses seguros:<\/p>\n<blockquote class=\"blockquote-drupal\">\n<p>\u201cLa atenci\u00f3n m\u00e9dica de las personas detenidas arbitraria e indefinidamente, o que est\u00e1n en riesgo de violencia sistem\u00e1tica, plantea muchos dilemas\u201d, dice J\u00e9r\u00f4me Tubiana, nuestro responsable de incidencia en Libia. \u201cSiendo realistas, lo que podemos hacer para ayudarles en Libia es limitado. Para proteger verdaderamente a las personas m\u00e1s vulnerables, primero y ante todo, debemos sacarlas urgentemente del sistema de detenci\u00f3n y del pa\u00eds\u00bb.<\/p>\n<\/blockquote>\n<p>Somos <strong>una de las pocas ONG internacionales que trabajan en Libia<\/strong>, y <strong>nuestros equipos brindan atenci\u00f3n m\u00e9dica general y apoyo psicosocial<\/strong> a las personas migrantes detenidas en centros de detenci\u00f3n y que viven en viviendas improvisadas. Tambi\u00e9n <strong>organizamos el traslado de las personas m\u00e1s graves al hospital <\/strong>y asistimos, a quienes lo deseen, a registrarse en los programas del ACNUR y la OIM para ayudarles a salir del pa\u00eds.<\/p>\n","protected":false},"excerpt":{"rendered":"<p>Llamamos a los pa\u00edses seguros a que ofrezcan protecci\u00f3n a las personas migrantes actualmente atrapadas en Libia para acelerar con urgencia la evacuaci\u00f3n de las m\u00e1s vulnerables, mediante el fortalecimiento de los mecanismos existentes y la apertura de v\u00edas alternativas para que puedan salir del pa\u00eds. Muchas de estas personas sufren severas condiciones m\u00e9dicas, tanto f\u00edsicas como mentales, y han sobrevivido a la tortura.<\/p>\n","protected":false},"author":1,"featured_media":339,"comment_status":"open","ping_status":"open","sticky":false,"template":"","format":"standard","meta":{"_acf_changed":false,"footnotes":""},"categories":[1],"tags":[190],"paises":[85],"class_list":["post-338","post","type-post","status-publish","format-standard","has-post-thumbnail","hentry","category-sin-categoria","tag-centros-de-detencion-en-libia","paises-libia"],"acf":[],"yoast_head":"<!-- This site is optimized with the Yoast SEO plugin v23.0 - https:\/\/yoast.com\/wordpress\/plugins\/seo\/ -->\n<title>Las personas migrantes atrapadas en Libia necesitan salir urgentemente del pa\u00eds - M\u00e9dicos Sin Fronteras Colombia | Ayuda m\u00e9dico-humanitaria<\/title>\n<meta name=\"robots\" content=\"noindex, follow, max-snippet:-1, max-image-preview:large, max-video-preview:-1\" \/>\n<meta property=\"og:locale\" content=\"es_ES\" \/>\n<meta property=\"og:type\" content=\"article\" \/>\n<meta property=\"og:title\" content=\"Las personas migrantes atrapadas en Libia necesitan salir urgentemente del pa\u00eds - M\u00e9dicos Sin Fronteras Colombia | Ayuda m\u00e9dico-humanitaria\" \/>\n<meta property=\"og:description\" content=\"Llamamos a los pa\u00edses seguros a que ofrezcan protecci\u00f3n a las personas migrantes actualmente atrapadas en Libia para acelerar con urgencia la evacuaci\u00f3n de las m\u00e1s vulnerables, mediante el fortalecimiento de los mecanismos existentes y la apertura de v\u00edas alternativas para que puedan salir del pa\u00eds. Muchas de estas personas sufren severas condiciones m\u00e9dicas, tanto f\u00edsicas como mentales, y han sobrevivido a la tortura.\" \/>\n<meta property=\"og:url\" content=\"https:\/\/pezgordon.com\/msf_dev\/actualidad\/las-personas-migrantes-atrapadas-en-libia-necesitan-salir-urgentemente-del-pais\/\" \/>\n<meta property=\"og:site_name\" content=\"M\u00e9dicos Sin Fronteras Colombia | Ayuda m\u00e9dico-humanitaria\" \/>\n<meta property=\"article:publisher\" content=\"https:\/\/www.facebook.com\/medicossinfronteras.ong\" \/>\n<meta property=\"article:published_time\" content=\"2022-06-29T08:00:56+00:00\" \/>\n<meta property=\"og:image\" content=\"https:\/\/pezgordon.com\/msf_dev\/wp-content\/uploads\/2022\/11\/msb127254_refugiados_centro_detencion_libia.jpg\" \/>\n\t<meta property=\"og:image:width\" content=\"1000\" \/>\n\t<meta property=\"og:image:height\" content=\"669\" \/>\n\t<meta property=\"og:image:type\" content=\"image\/jpeg\" \/>\n<meta name=\"author\" content=\"dev_ops\" \/>\n<meta name=\"twitter:card\" content=\"summary_large_image\" \/>\n<meta name=\"twitter:creator\" content=\"@MSF_Colombia\" \/>\n<meta name=\"twitter:site\" content=\"@MSF_Colombia\" \/>\n<script type=\"application\/ld+json\" class=\"yoast-schema-graph\">{\"@context\":\"https:\/\/schema.org\",\"@graph\":[{\"@type\":\"Article\",\"@id\":\"https:\/\/pezgordon.com\/msf_dev\/actualidad\/las-personas-migrantes-atrapadas-en-libia-necesitan-salir-urgentemente-del-pais\/#article\",\"isPartOf\":{\"@id\":\"https:\/\/pezgordon.com\/msf_dev\/actualidad\/las-personas-migrantes-atrapadas-en-libia-necesitan-salir-urgentemente-del-pais\/\"},\"author\":{\"name\":\"dev_ops\",\"@id\":\"https:\/\/pezgordon.com\/msf_dev\/#\/schema\/person\/054d70cc916aae3c9caa0dac8cbc71c6\"},\"headline\":\"Las personas migrantes atrapadas en Libia necesitan salir urgentemente del pa\u00eds\",\"datePublished\":\"2022-06-29T08:00:56+00:00\",\"dateModified\":\"2022-06-29T08:00:56+00:00\",\"mainEntityOfPage\":{\"@id\":\"https:\/\/pezgordon.com\/msf_dev\/actualidad\/las-personas-migrantes-atrapadas-en-libia-necesitan-salir-urgentemente-del-pais\/\"},\"wordCount\":699,\"commentCount\":0,\"publisher\":{\"@id\":\"https:\/\/pezgordon.com\/msf_dev\/#organization\"},\"image\":{\"@id\":\"https:\/\/pezgordon.com\/msf_dev\/actualidad\/las-personas-migrantes-atrapadas-en-libia-necesitan-salir-urgentemente-del-pais\/#primaryimage\"},\"thumbnailUrl\":\"https:\/\/pezgordon.com\/msf_dev\/wp-content\/uploads\/2022\/11\/msb127254_refugiados_centro_detencion_libia.jpg\",\"keywords\":[\"Centros de detenci\u00f3n en Libia\"],\"inLanguage\":\"es\",\"potentialAction\":[{\"@type\":\"CommentAction\",\"name\":\"Comment\",\"target\":[\"https:\/\/pezgordon.com\/msf_dev\/actualidad\/las-personas-migrantes-atrapadas-en-libia-necesitan-salir-urgentemente-del-pais\/#respond\"]}]},{\"@type\":\"WebPage\",\"@id\":\"https:\/\/pezgordon.com\/msf_dev\/actualidad\/las-personas-migrantes-atrapadas-en-libia-necesitan-salir-urgentemente-del-pais\/\",\"url\":\"https:\/\/pezgordon.com\/msf_dev\/actualidad\/las-personas-migrantes-atrapadas-en-libia-necesitan-salir-urgentemente-del-pais\/\",\"name\":\"Las personas migrantes atrapadas en Libia necesitan salir urgentemente del pa\u00eds - M\u00e9dicos Sin Fronteras Colombia | Ayuda m\u00e9dico-humanitaria\",\"isPartOf\":{\"@id\":\"https:\/\/pezgordon.com\/msf_dev\/#website\"},\"primaryImageOfPage\":{\"@id\":\"https:\/\/pezgordon.com\/msf_dev\/actualidad\/las-personas-migrantes-atrapadas-en-libia-necesitan-salir-urgentemente-del-pais\/#primaryimage\"},\"image\":{\"@id\":\"https:\/\/pezgordon.com\/msf_dev\/actualidad\/las-personas-migrantes-atrapadas-en-libia-necesitan-salir-urgentemente-del-pais\/#primaryimage\"},\"thumbnailUrl\":\"https:\/\/pezgordon.com\/msf_dev\/wp-content\/uploads\/2022\/11\/msb127254_refugiados_centro_detencion_libia.jpg\",\"datePublished\":\"2022-06-29T08:00:56+00:00\",\"dateModified\":\"2022-06-29T08:00:56+00:00\",\"breadcrumb\":{\"@id\":\"https:\/\/pezgordon.com\/msf_dev\/actualidad\/las-personas-migrantes-atrapadas-en-libia-necesitan-salir-urgentemente-del-pais\/#breadcrumb\"},\"inLanguage\":\"es\",\"potentialAction\":[{\"@type\":\"ReadAction\",\"target\":[\"https:\/\/pezgordon.com\/msf_dev\/actualidad\/las-personas-migrantes-atrapadas-en-libia-necesitan-salir-urgentemente-del-pais\/\"]}]},{\"@type\":\"ImageObject\",\"inLanguage\":\"es\",\"@id\":\"https:\/\/pezgordon.com\/msf_dev\/actualidad\/las-personas-migrantes-atrapadas-en-libia-necesitan-salir-urgentemente-del-pais\/#primaryimage\",\"url\":\"https:\/\/pezgordon.com\/msf_dev\/wp-content\/uploads\/2022\/11\/msb127254_refugiados_centro_detencion_libia.jpg\",\"contentUrl\":\"https:\/\/pezgordon.com\/msf_dev\/wp-content\/uploads\/2022\/11\/msb127254_refugiados_centro_detencion_libia.jpg\",\"width\":1000,\"height\":669},{\"@type\":\"BreadcrumbList\",\"@id\":\"https:\/\/pezgordon.com\/msf_dev\/actualidad\/las-personas-migrantes-atrapadas-en-libia-necesitan-salir-urgentemente-del-pais\/#breadcrumb\",\"itemListElement\":[{\"@type\":\"ListItem\",\"position\":1,\"name\":\"Home\",\"item\":\"https:\/\/pezgordon.com\/msf_dev\/\"},{\"@type\":\"ListItem\",\"position\":2,\"name\":\"Las personas migrantes atrapadas en Libia necesitan salir urgentemente del pa\u00eds\"}]},{\"@type\":\"WebSite\",\"@id\":\"https:\/\/pezgordon.com\/msf_dev\/#website\",\"url\":\"https:\/\/pezgordon.com\/msf_dev\/\",\"name\":\"M\u00e9dicos Sin Fronteras Colombia | Ayuda m\u00e9dico-humanitaria\",\"description\":\"\",\"publisher\":{\"@id\":\"https:\/\/pezgordon.com\/msf_dev\/#organization\"},\"potentialAction\":[{\"@type\":\"SearchAction\",\"target\":{\"@type\":\"EntryPoint\",\"urlTemplate\":\"https:\/\/pezgordon.com\/msf_dev\/?s={search_term_string}\"},\"query-input\":\"required name=search_term_string\"}],\"inLanguage\":\"es\"},{\"@type\":\"Organization\",\"@id\":\"https:\/\/pezgordon.com\/msf_dev\/#organization\",\"name\":\"M\u00e9dicos Sin Fronteras Colombia\",\"alternateName\":\"MSF\",\"url\":\"https:\/\/pezgordon.com\/msf_dev\/\",\"logo\":{\"@type\":\"ImageObject\",\"inLanguage\":\"es\",\"@id\":\"https:\/\/pezgordon.com\/msf_dev\/#\/schema\/logo\/image\/\",\"url\":\"https:\/\/pezgordon.com\/msf_dev\/wp-content\/uploads\/2023\/05\/msf_organization.png\",\"contentUrl\":\"https:\/\/pezgordon.com\/msf_dev\/wp-content\/uploads\/2023\/05\/msf_organization.png\",\"width\":120,\"height\":120,\"caption\":\"M\u00e9dicos Sin Fronteras Colombia\"},\"image\":{\"@id\":\"https:\/\/pezgordon.com\/msf_dev\/#\/schema\/logo\/image\/\"},\"sameAs\":[\"https:\/\/www.facebook.com\/medicossinfronteras.ong\",\"https:\/\/x.com\/MSF_Colombia\",\"https:\/\/www.youtube.com\/user\/MedicosSinFronteras\",\"https:\/\/www.tiktok.com\/@medicossinfronteras\",\"https:\/\/www.instagram.com\/msf_sudamerica\",\"https:\/\/www.linkedin.com\/company\/msf-latam\/mycompany\/\"]},{\"@type\":\"Person\",\"@id\":\"https:\/\/pezgordon.com\/msf_dev\/#\/schema\/person\/054d70cc916aae3c9caa0dac8cbc71c6\",\"name\":\"dev_ops\",\"sameAs\":[\"http:\/\/localhost\/medicos\"]}]}<\/script>\n<!-- \/ Yoast SEO plugin. -->","yoast_head_json":{"title":"Las personas migrantes atrapadas en Libia necesitan salir urgentemente del pa\u00eds - M\u00e9dicos Sin Fronteras Colombia | Ayuda m\u00e9dico-humanitaria","robots":{"index":"noindex","follow":"follow","max-snippet":"max-snippet:-1","max-image-preview":"max-image-preview:large","max-video-preview":"max-video-preview:-1"},"og_locale":"es_ES","og_type":"article","og_title":"Las personas migrantes atrapadas en Libia necesitan salir urgentemente del pa\u00eds - M\u00e9dicos Sin Fronteras Colombia | Ayuda m\u00e9dico-humanitaria","og_description":"Llamamos a los pa\u00edses seguros a que ofrezcan protecci\u00f3n a las personas migrantes actualmente atrapadas en Libia para acelerar con urgencia la evacuaci\u00f3n de las m\u00e1s vulnerables, mediante el fortalecimiento de los mecanismos existentes y la apertura de v\u00edas alternativas para que puedan salir del pa\u00eds. Muchas de estas personas sufren severas condiciones m\u00e9dicas, tanto f\u00edsicas como mentales, y han sobrevivido a la tortura.","og_url":"https:\/\/pezgordon.com\/msf_dev\/actualidad\/las-personas-migrantes-atrapadas-en-libia-necesitan-salir-urgentemente-del-pais\/","og_site_name":"M\u00e9dicos Sin Fronteras Colombia | Ayuda m\u00e9dico-humanitaria","article_publisher":"https:\/\/www.facebook.com\/medicossinfronteras.ong","article_published_time":"2022-06-29T08:00:56+00:00","og_image":[{"width":1000,"height":669,"url":"https:\/\/pezgordon.com\/msf_dev\/wp-content\/uploads\/2022\/11\/msb127254_refugiados_centro_detencion_libia.jpg","type":"image\/jpeg"}],"author":"dev_ops","twitter_card":"summary_large_image","twitter_creator":"@MSF_Colombia","twitter_site":"@MSF_Colombia","schema":{"@context":"https:\/\/schema.org","@graph":[{"@type":"Article","@id":"https:\/\/pezgordon.com\/msf_dev\/actualidad\/las-personas-migrantes-atrapadas-en-libia-necesitan-salir-urgentemente-del-pais\/#article","isPartOf":{"@id":"https:\/\/pezgordon.com\/msf_dev\/actualidad\/las-personas-migrantes-atrapadas-en-libia-necesitan-salir-urgentemente-del-pais\/"},"author":{"name":"dev_ops","@id":"https:\/\/pezgordon.com\/msf_dev\/#\/schema\/person\/054d70cc916aae3c9caa0dac8cbc71c6"},"headline":"Las personas migrantes atrapadas en Libia necesitan salir urgentemente del pa\u00eds","datePublished":"2022-06-29T08:00:56+00:00","dateModified":"2022-06-29T08:00:56+00:00","mainEntityOfPage":{"@id":"https:\/\/pezgordon.com\/msf_dev\/actualidad\/las-personas-migrantes-atrapadas-en-libia-necesitan-salir-urgentemente-del-pais\/"},"wordCount":699,"commentCount":0,"publisher":{"@id":"https:\/\/pezgordon.com\/msf_dev\/#organization"},"image":{"@id":"https:\/\/pezgordon.com\/msf_dev\/actualidad\/las-personas-migrantes-atrapadas-en-libia-necesitan-salir-urgentemente-del-pais\/#primaryimage"},"thumbnailUrl":"https:\/\/pezgordon.com\/msf_dev\/wp-content\/uploads\/2022\/11\/msb127254_refugiados_centro_detencion_libia.jpg","keywords":["Centros de detenci\u00f3n en Libia"],"inLanguage":"es","potentialAction":[{"@type":"CommentAction","name":"Comment","target":["https:\/\/pezgordon.com\/msf_dev\/actualidad\/las-personas-migrantes-atrapadas-en-libia-necesitan-salir-urgentemente-del-pais\/#respond"]}]},{"@type":"WebPage","@id":"https:\/\/pezgordon.com\/msf_dev\/actualidad\/las-personas-migrantes-atrapadas-en-libia-necesitan-salir-urgentemente-del-pais\/","url":"https:\/\/pezgordon.com\/msf_dev\/actualidad\/las-personas-migrantes-atrapadas-en-libia-necesitan-salir-urgentemente-del-pais\/","name":"Las personas migrantes atrapadas en Libia necesitan salir urgentemente del pa\u00eds - M\u00e9dicos Sin Fronteras Colombia | Ayuda m\u00e9dico-humanitaria","isPartOf":{"@id":"https:\/\/pezgordon.com\/msf_dev\/#website"},"primaryImageOfPage":{"@id":"https:\/\/pezgordon.com\/msf_dev\/actualidad\/las-personas-migrantes-atrapadas-en-libia-necesitan-salir-urgentemente-del-pais\/#primaryimage"},"image":{"@id":"https:\/\/pezgordon.com\/msf_dev\/actualidad\/las-personas-migrantes-atrapadas-en-libia-necesitan-salir-urgentemente-del-pais\/#primaryimage"},"thumbnailUrl":"https:\/\/pezgordon.com\/msf_dev\/wp-content\/uploads\/2022\/11\/msb127254_refugiados_centro_detencion_libia.jpg","datePublished":"2022-06-29T08:00:56+00:00","dateModified":"2022-06-29T08:00:56+00:00","breadcrumb":{"@id":"https:\/\/pezgordon.com\/msf_dev\/actualidad\/las-personas-migrantes-atrapadas-en-libia-necesitan-salir-urgentemente-del-pais\/#breadcrumb"},"inLanguage":"es","potentialAction":[{"@type":"ReadAction","target":["https:\/\/pezgordon.com\/msf_dev\/actualidad\/las-personas-migrantes-atrapadas-en-libia-necesitan-salir-urgentemente-del-pais\/"]}]},{"@type":"ImageObject","inLanguage":"es","@id":"https:\/\/pezgordon.com\/msf_dev\/actualidad\/las-personas-migrantes-atrapadas-en-libia-necesitan-salir-urgentemente-del-pais\/#primaryimage","url":"https:\/\/pezgordon.com\/msf_dev\/wp-content\/uploads\/2022\/11\/msb127254_refugiados_centro_detencion_libia.jpg","contentUrl":"https:\/\/pezgordon.com\/msf_dev\/wp-content\/uploads\/2022\/11\/msb127254_refugiados_centro_detencion_libia.jpg","width":1000,"height":669},{"@type":"BreadcrumbList","@id":"https:\/\/pezgordon.com\/msf_dev\/actualidad\/las-personas-migrantes-atrapadas-en-libia-necesitan-salir-urgentemente-del-pais\/#breadcrumb","itemListElement":[{"@type":"ListItem","position":1,"name":"Home","item":"https:\/\/pezgordon.com\/msf_dev\/"},{"@type":"ListItem","position":2,"name":"Las personas migrantes atrapadas en Libia necesitan salir urgentemente del pa\u00eds"}]},{"@type":"WebSite","@id":"https:\/\/pezgordon.com\/msf_dev\/#website","url":"https:\/\/pezgordon.com\/msf_dev\/","name":"M\u00e9dicos Sin Fronteras Colombia | Ayuda m\u00e9dico-humanitaria","description":"","publisher":{"@id":"https:\/\/pezgordon.com\/msf_dev\/#organization"},"potentialAction":[{"@type":"SearchAction","target":{"@type":"EntryPoint","urlTemplate":"https:\/\/pezgordon.com\/msf_dev\/?s={search_term_string}"},"query-input":"required name=search_term_string"}],"inLanguage":"es"},{"@type":"Organization","@id":"https:\/\/pezgordon.com\/msf_dev\/#organization","name":"M\u00e9dicos Sin Fronteras Colombia","alternateName":"MSF","url":"https:\/\/pezgordon.com\/msf_dev\/","logo":{"@type":"ImageObject","inLanguage":"es","@id":"https:\/\/pezgordon.com\/msf_dev\/#\/schema\/logo\/image\/","url":"https:\/\/pezgordon.com\/msf_dev\/wp-content\/uploads\/2023\/05\/msf_organization.png","contentUrl":"https:\/\/pezgordon.com\/msf_dev\/wp-content\/uploads\/2023\/05\/msf_organization.png","width":120,"height":120,"caption":"M\u00e9dicos Sin Fronteras Colombia"},"image":{"@id":"https:\/\/pezgordon.com\/msf_dev\/#\/schema\/logo\/image\/"},"sameAs":["https:\/\/www.facebook.com\/medicossinfronteras.ong","https:\/\/x.com\/MSF_Colombia","https:\/\/www.youtube.com\/user\/MedicosSinFronteras","https:\/\/www.tiktok.com\/@medicossinfronteras","https:\/\/www.instagram.com\/msf_sudamerica","https:\/\/www.linkedin.com\/company\/msf-latam\/mycompany\/"]},{"@type":"Person","@id":"https:\/\/pezgordon.com\/msf_dev\/#\/schema\/person\/054d70cc916aae3c9caa0dac8cbc71c6","name":"dev_ops","sameAs":["http:\/\/localhost\/medicos"]}]}},"menu_order":0,"_links":{"self":[{"href":"https:\/\/pezgordon.com\/msf_dev\/wp-json\/wp\/v2\/posts\/338"}],"collection":[{"href":"https:\/\/pezgordon.com\/msf_dev\/wp-json\/wp\/v2\/posts"}],"about":[{"href":"https:\/\/pezgordon.com\/msf_dev\/wp-json\/wp\/v2\/types\/post"}],"author":[{"embeddable":true,"href":"https:\/\/pezgordon.com\/msf_dev\/wp-json\/wp\/v2\/users\/1"}],"replies":[{"embeddable":true,"href":"https:\/\/pezgordon.com\/msf_dev\/wp-json\/wp\/v2\/comments?post=338"}],"version-history":[{"count":0,"href":"https:\/\/pezgordon.com\/msf_dev\/wp-json\/wp\/v2\/posts\/338\/revisions"}],"wp:featuredmedia":[{"embeddable":true,"href":"https:\/\/pezgordon.com\/msf_dev\/wp-json\/wp\/v2\/media\/339"}],"wp:attachment":[{"href":"https:\/\/pezgordon.com\/msf_dev\/wp-json\/wp\/v2\/media?parent=338"}],"wp:term":[{"taxonomy":"category","embeddable":true,"href":"https:\/\/pezgordon.com\/msf_dev\/wp-json\/wp\/v2\/categories?post=338"},{"taxonomy":"post_tag","embeddable":true,"href":"https:\/\/pezgordon.com\/msf_dev\/wp-json\/wp\/v2\/tags?post=338"},{"taxonomy":"paises","embeddable":true,"href":"https:\/\/pezgordon.com\/msf_dev\/wp-json\/wp\/v2\/paises?post=338"}],"curies":[{"name":"wp","href":"https:\/\/api.w.org\/{rel}","templated":true}]}}