{"id":334,"date":"2022-06-30T00:00:00","date_gmt":"2022-06-30T09:40:58","guid":{"rendered":"https:\/\/pezgordon.com\/msf_dev\/2022\/06\/30\/ucrania-el-trabajo-en-el-tren-me-ha-hecho-apreciar-la-paz-que-daba-por-sentada-antes-de-la-guerra\/"},"modified":"2023-04-10T14:35:10","modified_gmt":"2023-04-10T17:35:10","slug":"ucrania-el-trabajo-en-el-tren-me-ha-hecho-apreciar-la-paz-que-daba-por-sentada-antes-de-la-guerra","status":"publish","type":"post","link":"https:\/\/pezgordon.com\/msf_dev\/actualidad\/ucrania-el-trabajo-en-el-tren-me-ha-hecho-apreciar-la-paz-que-daba-por-sentada-antes-de-la-guerra\/","title":{"rendered":"Ucrania: \u201cEl trabajo en el tren me ha hecho apreciar la paz que daba por sentada antes de la guerra\u201d"},"content":{"rendered":"<h2>Nuestro tren sanitario<\/h2>\n<p>En colaboraci\u00f3n con Ferrocarriles Ucranianos y el Ministerio de Salud de ese pa\u00eds, desarrollamos un tren medicalizado para <strong>derivar pacientes <\/strong>de los hospitales cercanos a las zonas afectadas por la guerra en el este del pa\u00eds hasta hospitales en <strong>zonas m\u00e1s seguras<\/strong> de Ucrania.<\/p>\n<p>Entre el 31 de marzo y el 25 de julio, nuestra organizaci\u00f3n evacu\u00f3 m\u00e9dicamente a <strong>m\u00e1s de 1000&nbsp;pacientes.&nbsp;<\/strong>En el viaje, que dura <strong>entre 20 y 30 horas<\/strong>, el trabajo del personal de enfermer\u00eda y m\u00e9dico consisti\u00f3 en <strong>monitorear <\/strong>a los pacientes y <strong>brindar atenci\u00f3n <\/strong>para mantenerlos estables.&nbsp;<\/p>\n<div class=\"media-p\">\n<div class=\"media media-element-container media-wysiwyg\">\n<div id=\"file-58140\" class=\"file file-image file-image-jpeg\">\n<div class=\"content\">\n    <img loading=\"lazy\" decoding=\"async\" alt=\"Funcionamiento general de nuestro tren sanitario en Ucrania.\" title=\"Funcionamiento general de nuestro tren sanitario en Ucrania.\" class=\"media-element file-wysiwyg\" data-delta=\"8\" typeof=\"foaf:Image\" src=\"https:\/\/pezgordon.com\/msf_dev\/wp-content\/uploads\/2022\/11\/tren_sanitario_general-01-01_0.jpg?itok=c7vZvwE6\" width=\"735\" height=\"456\"><\/p>\n<div class=\"content-image__copyright\"><span class=\"image__caption\">Funcionamiento general de nuestro tren sanitario en Ucrania.<\/span><span class=\"image__copyright\"> \u00a9 MSF.<\/span><\/div>\n<\/div>\n<\/div>\n<\/div>\n<\/div>\n<h2>El testimonio de Artur<\/h2>\n<p>\u201cSoy italiano y ucraniano. Me mud\u00e9 con mi familia a Italia cuando era adolescente. Volv\u00ed a Ucrania el 23 de febrero de 2022. Era consciente de los riesgos de la guerra, pero ten\u00eda que ocuparme de asuntos familiares urgentes. Me aloj\u00e9 en Brody, una peque\u00f1a ciudad del distrito de Le\u00f3polis. A las cuatro de la ma\u00f1ana o\u00ed muchos aviones sobrevolando la ciudad. Poco despu\u00e9s llegaron las primeras noticias sobre los ataques masivos en Kiev y Odesa. A las siete de la ma\u00f1ana nuestra ciudad fue <strong>atacada con misiles<\/strong>.<\/p>\n<p>Reun\u00ed a mi t\u00eda, mi sobrina peque\u00f1a, mi abuela y mi madre y las llev\u00e9 en coche a la frontera con Polonia. La situaci\u00f3n era <strong>ca\u00f3tica<\/strong>. Hab\u00eda miles de personas, imposible contarlas. Estuvimos de pie unas <strong>30 horas en el fr\u00edo<\/strong>. Yo sab\u00eda que no me dejar\u00edan cruzar la frontera por ser un ciudadano ucraniano en edad militar. Volv\u00ed a Brody y me pregunt\u00e9 qu\u00e9 pod\u00eda hacer.<\/p>\n<p>He trabajado en el sector humanitario durante los \u00faltimos 18 a\u00f1os. Creo que, en una situaci\u00f3n como esta, cada uno tiene su papel que desempe\u00f1ar. Vi que MSF estaba buscando personal m\u00e9dico para el proyecto del tren as\u00ed que envi\u00e9 mi curr\u00edculum. Me preguntaron cu\u00e1ndo pod\u00eda empezar y les dije que <strong>enseguida<\/strong>.<\/p>\n<p>El tren altamente medicalizado de MSF est\u00e1 equipado de un modo <strong>muy similar al de un hospital<\/strong> e incluye <strong>una unidad de cuidados intensivos<\/strong> (UCI). En mi primer viaje, ofrec\u00ed apoyo al equipo de la UCI. Al principio, estaba un poco ansioso. Aunque ten\u00eda una amplia experiencia laboral en entornos de urgencias, obviamente nunca hab\u00eda trabajado en un tren medicalizado.<\/p>\n<div class=\"media-p\">\n<div class=\"media media-element-container media-wysiwyg\">\n<div id=\"file-58138\" class=\"file file-image file-image-jpeg\">\n<div class=\"content\">\n    <img loading=\"lazy\" decoding=\"async\" alt=\"El equipo m\u00e9dico de MSF atendiendo a un paciente en la Unidad de Cuidados Intensivos del tren sanitario, Ucrania.\" title=\"El equipo m\u00e9dico de MSF atendiendo a un paciente en la Unidad de Cuidados Intensivos del tren sanitario, Ucrania.\" class=\"media-element file-wysiwyg\" data-delta=\"6\" typeof=\"foaf:Image\" src=\"https:\/\/pezgordon.com\/msf_dev\/wp-content\/uploads\/2022\/11\/msb127237_equipo_medico_msf_atendiendo_paciente_unidad_cuidados_intensivos_tren_sanitario_ucrania.jpg?itok=VNHr_k9r\" width=\"735\" height=\"490\"><\/p>\n<div class=\"content-image__copyright\"><span class=\"image__caption\">El equipo m\u00e9dico de MSF atendiendo a un paciente en la Unidad de Cuidados Intensivos del tren sanitario, Ucrania.<\/span><span class=\"image__copyright\"> \u00a9 Andrii Ovod.<\/span><\/div>\n<\/div>\n<\/div>\n<\/div>\n<\/div>\n<p>Vemos diferentes tipos de pacientes en el tren: <strong>personas ancianas<\/strong> con enfermedades cr\u00f3nicas atrapados en el conflicto, <strong>ni\u00f1os <\/strong>con m\u00faltiples traumas. Es dif\u00edcil darse cuenta de la cantidad de <strong>civiles <\/strong>que pasan a ser <strong>v\u00edctimas del conflicto<\/strong>. Es imposible entender la cantidad de v\u00edctimas que genera. Solamente se entiende una vez que uno termina metido en el conflicto armado. Viaje tras viaje, ves a una enorme cantidad de personas con <strong>heridas por explosiones, fracturas de huesos, amputaciones<\/strong>&#8230; Empiezas a hacerte una idea de la <strong>magnitud del sufrimiento<\/strong> infligido a estas personas.<\/p>\n<p>En uno de los viajes, tuvimos a una chica de 15 a\u00f1os con lesiones graves en la zona abdominal y con fragmentaciones de la m\u00e9dula espinal debido a la <strong>explosi\u00f3n de una bomba<\/strong>. Aunque todos sab\u00edamos por lo que hab\u00eda pasado, manten\u00eda una actitud positiva y <strong>nos sonre\u00eda<\/strong> a m\u00ed y al resto del personal m\u00e9dico cada vez que la revis\u00e1bamos o pas\u00e1bamos por su cama. Era una clara demostraci\u00f3n de lo que es la <strong>capacidad de sobreponerse a la adversidad<\/strong>, incluso habiendo sufrido una lesi\u00f3n grave. Fue una experiencia<strong> muy intensa y muy gratificante<\/strong> a la vez.<\/p>\n<p>En uno de los viajes tuvimos a un hombre con su hija de 8 a\u00f1os y con su abuela. Estaba muy dolorido, ya que ten\u00eda una pierna amputada y la otra rota. Me dijo: \u2018Tengo dos problemas: me duele mucho la pierna\u2019. Le contest\u00e9: \u2018No hay problema. Controlaremos el dolor con medicaci\u00f3n. \u00bfY cu\u00e1l es el otro problema?\u2019 Dijo: \u2018Como puedes ver, tengo a mi hija conmigo. Todav\u00eda no he encontrado el valor para decirle que <strong>su madre muri\u00f3<\/strong>. Yo estaba con ella cuando ocurri\u00f3. La vi morir a mi lado\u2019. Estaban haciendo la compra juntos cuando se produjo un ataque de artiller\u00eda en el supermercado. Este hombre vio morir a su esposa y, adem\u00e1s de su enorme dolor f\u00edsico, sufr\u00eda porque no sab\u00eda c\u00f3mo decirle a su hija que su madre hab\u00eda fallecido.<\/p>\n<p>Hubo otro momento intenso cuando trat\u00e9 a una mujer con una lesi\u00f3n por explosi\u00f3n que estaba acompa\u00f1ada por su hijo adulto. Le pregunt\u00e9 qu\u00e9 hab\u00eda pasado para comprender mejor la causa del traumatismo, y as\u00ed poder asegurarnos de que recibiera la mejor atenci\u00f3n posible a bordo del tren. Me cont\u00f3 c\u00f3mo hab\u00edan bombardeado el lugar donde se encontraba y que <strong>hab\u00eda visto morir a su otro hijo y a su marido<\/strong>. No hay palabras adecuadas que uno pueda decir en un momento as\u00ed. Lo \u00fanico que puedes hacer es <strong>darle la mano<\/strong> y una <strong>mirada compasiva<\/strong> y <strong>quedarte con la persona <\/strong>hasta que desembarque.<\/p>\n<div class=\"media-p\">\n<div class=\"media media-element-container media-wysiwyg\">\n<div id=\"file-58137\" class=\"file file-image file-image-jpeg\">\n<div class=\"content\">\n    <img loading=\"lazy\" decoding=\"async\" alt=\"Personal de MSF prepar\u00e1ndose para el arribo de pacientes al tren sanitario, Ucrania.\" title=\"Personal de MSF prepar\u00e1ndose para el arribo de pacientes al tren sanitario, Ucrania.\" class=\"media-element file-wysiwyg\" data-delta=\"5\" typeof=\"foaf:Image\" src=\"https:\/\/pezgordon.com\/msf_dev\/wp-content\/uploads\/2022\/11\/msb127247_personal_msf_preparandose_arribo_pacientes_tren_medicalizado_ucrania.jpg?itok=S3NQHCUV\" width=\"735\" height=\"490\"><\/p>\n<div class=\"content-image__copyright\"><span class=\"image__caption\">Personal de MSF prepar\u00e1ndose para el arribo de pacientes al tren sanitario, Ucrania.<\/span><span class=\"image__copyright\"> \u00a9 Andrii Ovod.<\/span><\/div>\n<\/div>\n<\/div>\n<\/div>\n<\/div>\n<p><strong>El trabajo en el tren me ha hecho apreciar la paz que daba por sentada antes de la guerra.<\/strong> <strong>Ahora entiendo lo que significa un cielo despejado, un cielo tranquilo.<\/strong> Quiz\u00e1s, antes, era un poco ego\u00edsta. Pensaba en mi desarrollo, en mi futuro. Esta experiencia me ense\u00f1\u00f3 que <strong>la guerra est\u00e1 en todas partes<\/strong>. La pr\u00f3xima vez podr\u00edas ser t\u00fa la persona que necesita ayuda\u201d.<\/p>\n","protected":false},"excerpt":{"rendered":"<p>Entre el 31 de marzo y el 25 de julio, evacuamos m\u00e9dicamente a m\u00e1s de 1000 pacientes en nuestro tren sanitario. Artur Struminskyy, nuestro auxiliar de enfermer\u00eda, nos comparte lo que ha visto trabajando en el tren y viviendo la guerra en el pa\u00eds.<\/p>\n","protected":false},"author":1,"featured_media":335,"comment_status":"open","ping_status":"open","sticky":true,"template":"","format":"standard","meta":{"_acf_changed":false,"footnotes":""},"categories":[1],"tags":[6],"paises":[147],"class_list":["post-334","post","type-post","status-publish","format-standard","has-post-thumbnail","hentry","category-sin-categoria","tag-guerra-en-ucrania","paises-ucrania"],"acf":[],"yoast_head":"<!-- This site is optimized with the Yoast SEO plugin v23.0 - https:\/\/yoast.com\/wordpress\/plugins\/seo\/ -->\n<title>Ucrania: \u201cEl trabajo en el tren me ha hecho apreciar la paz que daba por sentada antes de la guerra\u201d - M\u00e9dicos Sin Fronteras Colombia | Ayuda m\u00e9dico-humanitaria<\/title>\n<meta name=\"robots\" content=\"noindex, follow, max-snippet:-1, max-image-preview:large, max-video-preview:-1\" \/>\n<meta property=\"og:locale\" content=\"es_ES\" \/>\n<meta property=\"og:type\" content=\"article\" \/>\n<meta property=\"og:title\" content=\"Ucrania: \u201cEl trabajo en el tren me ha hecho apreciar la paz que daba por sentada antes de la guerra\u201d - M\u00e9dicos Sin Fronteras Colombia | Ayuda m\u00e9dico-humanitaria\" \/>\n<meta property=\"og:description\" content=\"Entre el 31 de marzo y el 25 de julio, evacuamos m\u00e9dicamente a m\u00e1s de 1000 pacientes en nuestro tren sanitario. Artur Struminskyy, nuestro auxiliar de enfermer\u00eda, nos comparte lo que ha visto trabajando en el tren y viviendo la guerra en el pa\u00eds.\" \/>\n<meta property=\"og:url\" content=\"https:\/\/pezgordon.com\/msf_dev\/actualidad\/ucrania-el-trabajo-en-el-tren-me-ha-hecho-apreciar-la-paz-que-daba-por-sentada-antes-de-la-guerra\/\" \/>\n<meta property=\"og:site_name\" content=\"M\u00e9dicos Sin Fronteras Colombia | Ayuda m\u00e9dico-humanitaria\" \/>\n<meta property=\"article:publisher\" content=\"https:\/\/www.facebook.com\/medicossinfronteras.ong\" \/>\n<meta property=\"article:published_time\" content=\"2022-06-30T09:40:58+00:00\" \/>\n<meta property=\"article:modified_time\" content=\"2023-04-10T17:35:10+00:00\" \/>\n<meta property=\"og:image\" content=\"https:\/\/pezgordon.com\/msf_dev\/wp-content\/uploads\/2022\/11\/msb127250_paciente_herido_guerra_atendido_tren_medicalizado.jpg\" \/>\n\t<meta property=\"og:image:width\" content=\"1000\" \/>\n\t<meta property=\"og:image:height\" content=\"667\" \/>\n\t<meta property=\"og:image:type\" content=\"image\/jpeg\" \/>\n<meta name=\"author\" content=\"dev_ops\" \/>\n<meta name=\"twitter:card\" content=\"summary_large_image\" \/>\n<meta name=\"twitter:creator\" content=\"@MSF_Colombia\" \/>\n<meta name=\"twitter:site\" content=\"@MSF_Colombia\" \/>\n<script type=\"application\/ld+json\" class=\"yoast-schema-graph\">{\"@context\":\"https:\/\/schema.org\",\"@graph\":[{\"@type\":\"Article\",\"@id\":\"https:\/\/pezgordon.com\/msf_dev\/actualidad\/ucrania-el-trabajo-en-el-tren-me-ha-hecho-apreciar-la-paz-que-daba-por-sentada-antes-de-la-guerra\/#article\",\"isPartOf\":{\"@id\":\"https:\/\/pezgordon.com\/msf_dev\/actualidad\/ucrania-el-trabajo-en-el-tren-me-ha-hecho-apreciar-la-paz-que-daba-por-sentada-antes-de-la-guerra\/\"},\"author\":{\"name\":\"dev_ops\",\"@id\":\"https:\/\/pezgordon.com\/msf_dev\/#\/schema\/person\/054d70cc916aae3c9caa0dac8cbc71c6\"},\"headline\":\"Ucrania: \u201cEl trabajo en el tren me ha hecho apreciar la paz que daba por sentada antes de la guerra\u201d\",\"datePublished\":\"2022-06-30T09:40:58+00:00\",\"dateModified\":\"2023-04-10T17:35:10+00:00\",\"mainEntityOfPage\":{\"@id\":\"https:\/\/pezgordon.com\/msf_dev\/actualidad\/ucrania-el-trabajo-en-el-tren-me-ha-hecho-apreciar-la-paz-que-daba-por-sentada-antes-de-la-guerra\/\"},\"wordCount\":994,\"commentCount\":0,\"publisher\":{\"@id\":\"https:\/\/pezgordon.com\/msf_dev\/#organization\"},\"image\":{\"@id\":\"https:\/\/pezgordon.com\/msf_dev\/actualidad\/ucrania-el-trabajo-en-el-tren-me-ha-hecho-apreciar-la-paz-que-daba-por-sentada-antes-de-la-guerra\/#primaryimage\"},\"thumbnailUrl\":\"https:\/\/pezgordon.com\/msf_dev\/wp-content\/uploads\/2022\/11\/msb127250_paciente_herido_guerra_atendido_tren_medicalizado.jpg\",\"keywords\":[\"Guerra en Ucrania\"],\"inLanguage\":\"es\",\"potentialAction\":[{\"@type\":\"CommentAction\",\"name\":\"Comment\",\"target\":[\"https:\/\/pezgordon.com\/msf_dev\/actualidad\/ucrania-el-trabajo-en-el-tren-me-ha-hecho-apreciar-la-paz-que-daba-por-sentada-antes-de-la-guerra\/#respond\"]}]},{\"@type\":\"WebPage\",\"@id\":\"https:\/\/pezgordon.com\/msf_dev\/actualidad\/ucrania-el-trabajo-en-el-tren-me-ha-hecho-apreciar-la-paz-que-daba-por-sentada-antes-de-la-guerra\/\",\"url\":\"https:\/\/pezgordon.com\/msf_dev\/actualidad\/ucrania-el-trabajo-en-el-tren-me-ha-hecho-apreciar-la-paz-que-daba-por-sentada-antes-de-la-guerra\/\",\"name\":\"Ucrania: \u201cEl trabajo en el tren me ha hecho apreciar la paz que daba por sentada antes de la guerra\u201d - M\u00e9dicos Sin Fronteras Colombia | Ayuda m\u00e9dico-humanitaria\",\"isPartOf\":{\"@id\":\"https:\/\/pezgordon.com\/msf_dev\/#website\"},\"primaryImageOfPage\":{\"@id\":\"https:\/\/pezgordon.com\/msf_dev\/actualidad\/ucrania-el-trabajo-en-el-tren-me-ha-hecho-apreciar-la-paz-que-daba-por-sentada-antes-de-la-guerra\/#primaryimage\"},\"image\":{\"@id\":\"https:\/\/pezgordon.com\/msf_dev\/actualidad\/ucrania-el-trabajo-en-el-tren-me-ha-hecho-apreciar-la-paz-que-daba-por-sentada-antes-de-la-guerra\/#primaryimage\"},\"thumbnailUrl\":\"https:\/\/pezgordon.com\/msf_dev\/wp-content\/uploads\/2022\/11\/msb127250_paciente_herido_guerra_atendido_tren_medicalizado.jpg\",\"datePublished\":\"2022-06-30T09:40:58+00:00\",\"dateModified\":\"2023-04-10T17:35:10+00:00\",\"breadcrumb\":{\"@id\":\"https:\/\/pezgordon.com\/msf_dev\/actualidad\/ucrania-el-trabajo-en-el-tren-me-ha-hecho-apreciar-la-paz-que-daba-por-sentada-antes-de-la-guerra\/#breadcrumb\"},\"inLanguage\":\"es\",\"potentialAction\":[{\"@type\":\"ReadAction\",\"target\":[\"https:\/\/pezgordon.com\/msf_dev\/actualidad\/ucrania-el-trabajo-en-el-tren-me-ha-hecho-apreciar-la-paz-que-daba-por-sentada-antes-de-la-guerra\/\"]}]},{\"@type\":\"ImageObject\",\"inLanguage\":\"es\",\"@id\":\"https:\/\/pezgordon.com\/msf_dev\/actualidad\/ucrania-el-trabajo-en-el-tren-me-ha-hecho-apreciar-la-paz-que-daba-por-sentada-antes-de-la-guerra\/#primaryimage\",\"url\":\"https:\/\/pezgordon.com\/msf_dev\/wp-content\/uploads\/2022\/11\/msb127250_paciente_herido_guerra_atendido_tren_medicalizado.jpg\",\"contentUrl\":\"https:\/\/pezgordon.com\/msf_dev\/wp-content\/uploads\/2022\/11\/msb127250_paciente_herido_guerra_atendido_tren_medicalizado.jpg\",\"width\":1000,\"height\":667},{\"@type\":\"BreadcrumbList\",\"@id\":\"https:\/\/pezgordon.com\/msf_dev\/actualidad\/ucrania-el-trabajo-en-el-tren-me-ha-hecho-apreciar-la-paz-que-daba-por-sentada-antes-de-la-guerra\/#breadcrumb\",\"itemListElement\":[{\"@type\":\"ListItem\",\"position\":1,\"name\":\"Home\",\"item\":\"https:\/\/pezgordon.com\/msf_dev\/\"},{\"@type\":\"ListItem\",\"position\":2,\"name\":\"Ucrania: \u201cEl trabajo en el tren me ha hecho apreciar la paz que daba por sentada antes de la guerra\u201d\"}]},{\"@type\":\"WebSite\",\"@id\":\"https:\/\/pezgordon.com\/msf_dev\/#website\",\"url\":\"https:\/\/pezgordon.com\/msf_dev\/\",\"name\":\"M\u00e9dicos Sin Fronteras Colombia | Ayuda m\u00e9dico-humanitaria\",\"description\":\"\",\"publisher\":{\"@id\":\"https:\/\/pezgordon.com\/msf_dev\/#organization\"},\"potentialAction\":[{\"@type\":\"SearchAction\",\"target\":{\"@type\":\"EntryPoint\",\"urlTemplate\":\"https:\/\/pezgordon.com\/msf_dev\/?s={search_term_string}\"},\"query-input\":\"required name=search_term_string\"}],\"inLanguage\":\"es\"},{\"@type\":\"Organization\",\"@id\":\"https:\/\/pezgordon.com\/msf_dev\/#organization\",\"name\":\"M\u00e9dicos Sin Fronteras Colombia\",\"alternateName\":\"MSF\",\"url\":\"https:\/\/pezgordon.com\/msf_dev\/\",\"logo\":{\"@type\":\"ImageObject\",\"inLanguage\":\"es\",\"@id\":\"https:\/\/pezgordon.com\/msf_dev\/#\/schema\/logo\/image\/\",\"url\":\"https:\/\/pezgordon.com\/msf_dev\/wp-content\/uploads\/2023\/05\/msf_organization.png\",\"contentUrl\":\"https:\/\/pezgordon.com\/msf_dev\/wp-content\/uploads\/2023\/05\/msf_organization.png\",\"width\":120,\"height\":120,\"caption\":\"M\u00e9dicos Sin Fronteras Colombia\"},\"image\":{\"@id\":\"https:\/\/pezgordon.com\/msf_dev\/#\/schema\/logo\/image\/\"},\"sameAs\":[\"https:\/\/www.facebook.com\/medicossinfronteras.ong\",\"https:\/\/x.com\/MSF_Colombia\",\"https:\/\/www.youtube.com\/user\/MedicosSinFronteras\",\"https:\/\/www.tiktok.com\/@medicossinfronteras\",\"https:\/\/www.instagram.com\/msf_sudamerica\",\"https:\/\/www.linkedin.com\/company\/msf-latam\/mycompany\/\"]},{\"@type\":\"Person\",\"@id\":\"https:\/\/pezgordon.com\/msf_dev\/#\/schema\/person\/054d70cc916aae3c9caa0dac8cbc71c6\",\"name\":\"dev_ops\",\"sameAs\":[\"http:\/\/localhost\/medicos\"]}]}<\/script>\n<!-- \/ Yoast SEO plugin. -->","yoast_head_json":{"title":"Ucrania: \u201cEl trabajo en el tren me ha hecho apreciar la paz que daba por sentada antes de la guerra\u201d - M\u00e9dicos Sin Fronteras Colombia | Ayuda m\u00e9dico-humanitaria","robots":{"index":"noindex","follow":"follow","max-snippet":"max-snippet:-1","max-image-preview":"max-image-preview:large","max-video-preview":"max-video-preview:-1"},"og_locale":"es_ES","og_type":"article","og_title":"Ucrania: \u201cEl trabajo en el tren me ha hecho apreciar la paz que daba por sentada antes de la guerra\u201d - M\u00e9dicos Sin Fronteras Colombia | Ayuda m\u00e9dico-humanitaria","og_description":"Entre el 31 de marzo y el 25 de julio, evacuamos m\u00e9dicamente a m\u00e1s de 1000 pacientes en nuestro tren sanitario. Artur Struminskyy, nuestro auxiliar de enfermer\u00eda, nos comparte lo que ha visto trabajando en el tren y viviendo la guerra en el pa\u00eds.","og_url":"https:\/\/pezgordon.com\/msf_dev\/actualidad\/ucrania-el-trabajo-en-el-tren-me-ha-hecho-apreciar-la-paz-que-daba-por-sentada-antes-de-la-guerra\/","og_site_name":"M\u00e9dicos Sin Fronteras Colombia | Ayuda m\u00e9dico-humanitaria","article_publisher":"https:\/\/www.facebook.com\/medicossinfronteras.ong","article_published_time":"2022-06-30T09:40:58+00:00","article_modified_time":"2023-04-10T17:35:10+00:00","og_image":[{"width":1000,"height":667,"url":"https:\/\/pezgordon.com\/msf_dev\/wp-content\/uploads\/2022\/11\/msb127250_paciente_herido_guerra_atendido_tren_medicalizado.jpg","type":"image\/jpeg"}],"author":"dev_ops","twitter_card":"summary_large_image","twitter_creator":"@MSF_Colombia","twitter_site":"@MSF_Colombia","schema":{"@context":"https:\/\/schema.org","@graph":[{"@type":"Article","@id":"https:\/\/pezgordon.com\/msf_dev\/actualidad\/ucrania-el-trabajo-en-el-tren-me-ha-hecho-apreciar-la-paz-que-daba-por-sentada-antes-de-la-guerra\/#article","isPartOf":{"@id":"https:\/\/pezgordon.com\/msf_dev\/actualidad\/ucrania-el-trabajo-en-el-tren-me-ha-hecho-apreciar-la-paz-que-daba-por-sentada-antes-de-la-guerra\/"},"author":{"name":"dev_ops","@id":"https:\/\/pezgordon.com\/msf_dev\/#\/schema\/person\/054d70cc916aae3c9caa0dac8cbc71c6"},"headline":"Ucrania: \u201cEl trabajo en el tren me ha hecho apreciar la paz que daba por sentada antes de la guerra\u201d","datePublished":"2022-06-30T09:40:58+00:00","dateModified":"2023-04-10T17:35:10+00:00","mainEntityOfPage":{"@id":"https:\/\/pezgordon.com\/msf_dev\/actualidad\/ucrania-el-trabajo-en-el-tren-me-ha-hecho-apreciar-la-paz-que-daba-por-sentada-antes-de-la-guerra\/"},"wordCount":994,"commentCount":0,"publisher":{"@id":"https:\/\/pezgordon.com\/msf_dev\/#organization"},"image":{"@id":"https:\/\/pezgordon.com\/msf_dev\/actualidad\/ucrania-el-trabajo-en-el-tren-me-ha-hecho-apreciar-la-paz-que-daba-por-sentada-antes-de-la-guerra\/#primaryimage"},"thumbnailUrl":"https:\/\/pezgordon.com\/msf_dev\/wp-content\/uploads\/2022\/11\/msb127250_paciente_herido_guerra_atendido_tren_medicalizado.jpg","keywords":["Guerra en Ucrania"],"inLanguage":"es","potentialAction":[{"@type":"CommentAction","name":"Comment","target":["https:\/\/pezgordon.com\/msf_dev\/actualidad\/ucrania-el-trabajo-en-el-tren-me-ha-hecho-apreciar-la-paz-que-daba-por-sentada-antes-de-la-guerra\/#respond"]}]},{"@type":"WebPage","@id":"https:\/\/pezgordon.com\/msf_dev\/actualidad\/ucrania-el-trabajo-en-el-tren-me-ha-hecho-apreciar-la-paz-que-daba-por-sentada-antes-de-la-guerra\/","url":"https:\/\/pezgordon.com\/msf_dev\/actualidad\/ucrania-el-trabajo-en-el-tren-me-ha-hecho-apreciar-la-paz-que-daba-por-sentada-antes-de-la-guerra\/","name":"Ucrania: \u201cEl trabajo en el tren me ha hecho apreciar la paz que daba por sentada antes de la guerra\u201d - M\u00e9dicos Sin Fronteras Colombia | Ayuda m\u00e9dico-humanitaria","isPartOf":{"@id":"https:\/\/pezgordon.com\/msf_dev\/#website"},"primaryImageOfPage":{"@id":"https:\/\/pezgordon.com\/msf_dev\/actualidad\/ucrania-el-trabajo-en-el-tren-me-ha-hecho-apreciar-la-paz-que-daba-por-sentada-antes-de-la-guerra\/#primaryimage"},"image":{"@id":"https:\/\/pezgordon.com\/msf_dev\/actualidad\/ucrania-el-trabajo-en-el-tren-me-ha-hecho-apreciar-la-paz-que-daba-por-sentada-antes-de-la-guerra\/#primaryimage"},"thumbnailUrl":"https:\/\/pezgordon.com\/msf_dev\/wp-content\/uploads\/2022\/11\/msb127250_paciente_herido_guerra_atendido_tren_medicalizado.jpg","datePublished":"2022-06-30T09:40:58+00:00","dateModified":"2023-04-10T17:35:10+00:00","breadcrumb":{"@id":"https:\/\/pezgordon.com\/msf_dev\/actualidad\/ucrania-el-trabajo-en-el-tren-me-ha-hecho-apreciar-la-paz-que-daba-por-sentada-antes-de-la-guerra\/#breadcrumb"},"inLanguage":"es","potentialAction":[{"@type":"ReadAction","target":["https:\/\/pezgordon.com\/msf_dev\/actualidad\/ucrania-el-trabajo-en-el-tren-me-ha-hecho-apreciar-la-paz-que-daba-por-sentada-antes-de-la-guerra\/"]}]},{"@type":"ImageObject","inLanguage":"es","@id":"https:\/\/pezgordon.com\/msf_dev\/actualidad\/ucrania-el-trabajo-en-el-tren-me-ha-hecho-apreciar-la-paz-que-daba-por-sentada-antes-de-la-guerra\/#primaryimage","url":"https:\/\/pezgordon.com\/msf_dev\/wp-content\/uploads\/2022\/11\/msb127250_paciente_herido_guerra_atendido_tren_medicalizado.jpg","contentUrl":"https:\/\/pezgordon.com\/msf_dev\/wp-content\/uploads\/2022\/11\/msb127250_paciente_herido_guerra_atendido_tren_medicalizado.jpg","width":1000,"height":667},{"@type":"BreadcrumbList","@id":"https:\/\/pezgordon.com\/msf_dev\/actualidad\/ucrania-el-trabajo-en-el-tren-me-ha-hecho-apreciar-la-paz-que-daba-por-sentada-antes-de-la-guerra\/#breadcrumb","itemListElement":[{"@type":"ListItem","position":1,"name":"Home","item":"https:\/\/pezgordon.com\/msf_dev\/"},{"@type":"ListItem","position":2,"name":"Ucrania: \u201cEl trabajo en el tren me ha hecho apreciar la paz que daba por sentada antes de la guerra\u201d"}]},{"@type":"WebSite","@id":"https:\/\/pezgordon.com\/msf_dev\/#website","url":"https:\/\/pezgordon.com\/msf_dev\/","name":"M\u00e9dicos Sin Fronteras Colombia | Ayuda m\u00e9dico-humanitaria","description":"","publisher":{"@id":"https:\/\/pezgordon.com\/msf_dev\/#organization"},"potentialAction":[{"@type":"SearchAction","target":{"@type":"EntryPoint","urlTemplate":"https:\/\/pezgordon.com\/msf_dev\/?s={search_term_string}"},"query-input":"required name=search_term_string"}],"inLanguage":"es"},{"@type":"Organization","@id":"https:\/\/pezgordon.com\/msf_dev\/#organization","name":"M\u00e9dicos Sin Fronteras Colombia","alternateName":"MSF","url":"https:\/\/pezgordon.com\/msf_dev\/","logo":{"@type":"ImageObject","inLanguage":"es","@id":"https:\/\/pezgordon.com\/msf_dev\/#\/schema\/logo\/image\/","url":"https:\/\/pezgordon.com\/msf_dev\/wp-content\/uploads\/2023\/05\/msf_organization.png","contentUrl":"https:\/\/pezgordon.com\/msf_dev\/wp-content\/uploads\/2023\/05\/msf_organization.png","width":120,"height":120,"caption":"M\u00e9dicos Sin Fronteras Colombia"},"image":{"@id":"https:\/\/pezgordon.com\/msf_dev\/#\/schema\/logo\/image\/"},"sameAs":["https:\/\/www.facebook.com\/medicossinfronteras.ong","https:\/\/x.com\/MSF_Colombia","https:\/\/www.youtube.com\/user\/MedicosSinFronteras","https:\/\/www.tiktok.com\/@medicossinfronteras","https:\/\/www.instagram.com\/msf_sudamerica","https:\/\/www.linkedin.com\/company\/msf-latam\/mycompany\/"]},{"@type":"Person","@id":"https:\/\/pezgordon.com\/msf_dev\/#\/schema\/person\/054d70cc916aae3c9caa0dac8cbc71c6","name":"dev_ops","sameAs":["http:\/\/localhost\/medicos"]}]}},"menu_order":0,"_links":{"self":[{"href":"https:\/\/pezgordon.com\/msf_dev\/wp-json\/wp\/v2\/posts\/334"}],"collection":[{"href":"https:\/\/pezgordon.com\/msf_dev\/wp-json\/wp\/v2\/posts"}],"about":[{"href":"https:\/\/pezgordon.com\/msf_dev\/wp-json\/wp\/v2\/types\/post"}],"author":[{"embeddable":true,"href":"https:\/\/pezgordon.com\/msf_dev\/wp-json\/wp\/v2\/users\/1"}],"replies":[{"embeddable":true,"href":"https:\/\/pezgordon.com\/msf_dev\/wp-json\/wp\/v2\/comments?post=334"}],"version-history":[{"count":1,"href":"https:\/\/pezgordon.com\/msf_dev\/wp-json\/wp\/v2\/posts\/334\/revisions"}],"predecessor-version":[{"id":836,"href":"https:\/\/pezgordon.com\/msf_dev\/wp-json\/wp\/v2\/posts\/334\/revisions\/836"}],"wp:featuredmedia":[{"embeddable":true,"href":"https:\/\/pezgordon.com\/msf_dev\/wp-json\/wp\/v2\/media\/335"}],"wp:attachment":[{"href":"https:\/\/pezgordon.com\/msf_dev\/wp-json\/wp\/v2\/media?parent=334"}],"wp:term":[{"taxonomy":"category","embeddable":true,"href":"https:\/\/pezgordon.com\/msf_dev\/wp-json\/wp\/v2\/categories?post=334"},{"taxonomy":"post_tag","embeddable":true,"href":"https:\/\/pezgordon.com\/msf_dev\/wp-json\/wp\/v2\/tags?post=334"},{"taxonomy":"paises","embeddable":true,"href":"https:\/\/pezgordon.com\/msf_dev\/wp-json\/wp\/v2\/paises?post=334"}],"curies":[{"name":"wp","href":"https:\/\/api.w.org\/{rel}","templated":true}]}}