{"id":321,"date":"2022-07-07T00:00:00","date_gmt":"2022-07-07T11:01:55","guid":{"rendered":"https:\/\/pezgordon.com\/msf_dev\/2022\/07\/07\/nelsa-la-nina-embera-que-espero-dos-anos-para-que-atendieran-su-fractura\/"},"modified":"2022-07-07T00:00:00","modified_gmt":"2022-07-07T11:01:55","slug":"nelsa-la-nina-embera-que-espero-dos-anos-para-que-atendieran-su-fractura","status":"publish","type":"post","link":"https:\/\/pezgordon.com\/msf_dev\/actualidad\/nelsa-la-nina-embera-que-espero-dos-anos-para-que-atendieran-su-fractura\/","title":{"rendered":"Nelsa, la ni\u00f1a ember\u00e1 que esper\u00f3 dos a\u00f1os para que atendieran su fractura\u00a0"},"content":{"rendered":"<p>\u00abHace tres semanas viaj\u00e9 a <strong>Novita<\/strong>, <strong>Choc\u00f3<\/strong>, departamento en donde M\u00e9dicos Sin Fronteras (MSF) tiene un <strong>proyecto cercano de salud comunitaria<\/strong>. Algunas veredas que rodean a este municipio han estado <strong>confinadas de forma intermitente<\/strong> desde octubre del a\u00f1o pasado <strong>por disputas entre los grupos armados<\/strong>. Pasan las semanas y miles de familias se quedan en sus casas, <strong>movi\u00e9ndose justo lo necesario para sobrevivir.<\/strong>\u00a0<\/p>\n<p>El pasado 5 de junio ingresamos a veredas que llevaban meses aisladas y confinadas. Nos preparamos con una m\u00e9dica, una enfermera y un experto en log\u00edstica y agua y saneamiento para ir a esos lugares. Salimos de Istmina hacia Novita, municipio que est\u00e1 a dos horas en carro. Desde all\u00ed, tomamos una lancha hacia Urabar\u00e1, trayecto que tard\u00f3 cerca de tres horas y que no suele ser f\u00e1cil: <strong>el r\u00edo es muy caudaloso<\/strong>, solamente un lanchero se atreve a hacer ese viaje. Tuvimos suerte, pues nos traslad\u00f3 a cuatro personas y m\u00e1s de doce cajas de medicamentos e insumos m\u00e9dicos. Es un r\u00edo <strong>agresivo y empinado<\/strong>. Nos dijeron que <strong>mucha gente hab\u00eda muerto ahogada<\/strong>. \u00a0<\/p>\n<p>Desde Urabar\u00e1 salimos, nuevamente r\u00edo arriba y en la misma lancha, hacia Sabaletera, un resguardo ind\u00edgena que es cercano a la frontera del departamento de Risaralda. Cuando llegamos, la <strong>comunidad ind\u00edgena Ember\u00e1 <\/strong>nos estaba esperando. Estaban muy contentos, pues dijeron que <strong>nunca hab\u00eda llegado asistencia humanitaria a este lugar<\/strong>, en donde <strong>no hay se\u00f1al telef\u00f3nica ni conexi\u00f3n a Internet<\/strong>. De hecho, dif\u00edcilmente se encuentra luz el\u00e9ctrica y <strong>no hay servicio de alcantarillado o tratamiento de agua.\u00a0<\/strong><\/p>\n<div class=\"media-p\">\n<div class=\"media media-element-container media-wysiwyg\">\n<div id=\"file-58170\" class=\"file file-image file-image-jpeg\">\n<div class=\"content\">\n    <img loading=\"lazy\" decoding=\"async\" alt=\"Viaje en lancha hacia Novita, Choc\u00f3\" title=\"Viaje en lancha hacia Novita, Choc\u00f3\" class=\"media-element file-wysiwyg\" data-delta=\"1\" typeof=\"foaf:Image\" src=\"https:\/\/pezgordon.com\/msf_dev\/wp-content\/uploads\/2022\/11\/viaje_lancha_novita_choco_colombia.jpeg?itok=3GN4HpqI\" width=\"735\" height=\"980\" \/><\/p>\n<div class=\"content-image__copyright\"><span class=\"image__caption\">Viaje en lancha hacia Novita, Choc\u00f3.<\/span><span class=\"image__copyright\"> \u00a9 MSF.<\/span><\/div>\n<\/p><\/div>\n<\/div>\n<\/div>\n<\/div>\n<p>Cuando nos bajamos de la lancha vi, a lo lejos, a <strong>una ni\u00f1a peque\u00f1a colgada de la espalda de su padre<\/strong>. Ven\u00edan caminando hac\u00eda nosotros y me llam\u00f3 la atenci\u00f3n que nunca se soltara de \u00e9l. Cuando la vi m\u00e1s de cerca, not\u00e9 que su pierna estaba lastimada. Me contaron que hace dos a\u00f1os, durante la pandemia, se cay\u00f3 jugando y <strong>se fractur\u00f3 la pierna izquierda<\/strong>.<\/p>\n<p>Su nombre es Nelsa, tiene seis a\u00f1os y lleva 24 meses sufriendo por una fractura de tibia y peron\u00e9 que <strong>nunca fue atendida<\/strong>. En su comunidad <strong>no hay puesto de salud <\/strong>y <strong>lo \u00fanico que pudo hacer su familia fue ponerle un vendaje que dur\u00f3 muy poco.\u00a0<\/strong><\/p>\n<p>Nelsa lleva dos a\u00f1os <strong>arrastr\u00e1ndose<\/strong> <strong>o colgada <\/strong>de los hombros de su padre, quien la traslada de un lado a otro todos los d\u00edas. La fractura no le permite ni siquiera poner el pie en el suelo, tiene que pedir asistencia para movilizarse y no puede dormir bien. Su vida, a sus escasos seis a\u00f1os, cambi\u00f3 por completo y ya no puede jugar con sus amiguitos como lo hac\u00eda antes. Siempre necesita de la ayuda de su padre. \u201c<strong>Ac\u00e1 nadie llega por el conflicto armado<\/strong> y porque estamos lejos, muy lejos de las ciudades. Pero al menos deber\u00edamos tener a alguien que nos ayude a trasladar pacientes\u201d, me dec\u00edan en la comunidad.\u00a0<\/p>\n<p>Pues bien, para llevar a Nelsa a un centro de salud, por ejemplo, sus parientes tendr\u00edan que pagar <strong>400 mil pesos <\/strong>por el transporte, <strong>un valor inalcanzable<\/strong> para estas familias. Con la mayor\u00eda de la poblaci\u00f3n viviendo en pobreza, reunir esta cantidad de dinero en una comunidad tan peque\u00f1a resulta imposible. Por eso entend\u00ed que muchas personas estuviesen contentas con nuestra llegada. Nosotros la atendimos y trasladamos a Novita, activamos la ruta de remisi\u00f3n con el centro de salud y se agend\u00f3 la cita con el especialista.<\/p>\n<blockquote class=\"blockquote-drupal\">\n<p>En la comunidad hay muchos pacientes que se resignan a una atenci\u00f3n en salud eficiente por la dificultad de salir de su tierra; por los costos, por el r\u00edo caudaloso, por el conflicto armado. Las enfermedades las pasan muchas veces resistiendo o esperando a que sanen con el tiempo o con algunos de los tratamientos que puede brindar la comunidad.<\/p>\n<\/blockquote>\n<h2>Todos las personas colombianas\u00a0merecen acceso eficaz a la salud<\/h2>\n<p>La situaci\u00f3n de Nelsa no es la \u00fanica. Lo m\u00e1s preocupante es que desde el 15 de octubre de 2021 <strong>m\u00e1s de 4.000 personas (750 familias) pertenecientes a nueve comunidades ind\u00edgenas y 16 afrodescendientes ubicadas en la parte alta y media del R\u00edo Taman\u00e1 se encuentran confinadas por el conflicto armado.<\/strong> Desde finales de abril, 25 comunidades entraron en confinamiento por segunda vez ante la violencia en la regi\u00f3n y diferentes prohibiciones de movilidad. <strong>El acceso humanitario en estos contextos es esencial.\u00a0<\/strong><\/p>\n<p>En mayo pasado la institucionalidad y diferentes organizaciones humanitarias hicieron una evaluaci\u00f3n de la situaci\u00f3n de seguridad, pero lamentablemente esta no parece que vaya a mejorar en un corto plazo. De ah\u00ed la <strong>necesidad de garantizar corredores humanitarios<\/strong>, tanto por temas de salud como de aprovisionamiento de alimentos.<\/p>\n<p>En esta visita encontramos <strong>pacientes con enfermedades cr\u00f3nicas<\/strong> como hipertensi\u00f3n arterial o epilepsia, quienes tienen<strong> tratamientos incompletos<\/strong> dados los confinamientos y los pocos medicamentos que reciben. Y hay casos, como el de Nelsa, que nos demuestran que <strong>es esencial que las comunidades puedan vivir dignamente<\/strong>, con un sistema de salud eficiente y gratuito. Ahora, con los tratamientos que Nelsa est\u00e1 recibiendo, esperamos que pronto pueda recuperarse de su fractura y retome los saltos y juegos como la ni\u00f1a alegre de seis a\u00f1os que es\u00bb.\u00a0<\/p>\n","protected":false},"excerpt":{"rendered":"<p>Carlos Estrella, coordinador del sistema respuesta a emergencias de nuestra organizaci\u00f3n en Colombia, nos comparte el relato de la visita de nuestro equipo a Novita, Choc\u00f3, en donde conoci\u00f3 a una ni\u00f1a de la comunidad ind\u00edgena Ember\u00e1 que llevaba 24 meses sin poder caminar por una fractura de tibia y peron\u00e9 que nunca hab\u00eda podido ser atendida.<\/p>\n","protected":false},"author":1,"featured_media":322,"comment_status":"open","ping_status":"open","sticky":false,"template":"","format":"standard","meta":{"_acf_changed":false,"footnotes":""},"categories":[1],"tags":[157],"paises":[39],"class_list":["post-321","post","type-post","status-publish","format-standard","has-post-thumbnail","hentry","category-sin-categoria","tag-acceso-a-la-salud","paises-colombia"],"acf":[],"yoast_head":"<!-- This site is optimized with the Yoast SEO plugin v23.0 - https:\/\/yoast.com\/wordpress\/plugins\/seo\/ -->\n<title>Nelsa, la ni\u00f1a ember\u00e1 que esper\u00f3 dos a\u00f1os para que atendieran su fractura\u00a0 - M\u00e9dicos Sin Fronteras Colombia | Ayuda m\u00e9dico-humanitaria<\/title>\n<meta name=\"robots\" content=\"noindex, follow, max-snippet:-1, max-image-preview:large, max-video-preview:-1\" \/>\n<meta property=\"og:locale\" content=\"es_ES\" \/>\n<meta property=\"og:type\" content=\"article\" \/>\n<meta property=\"og:title\" content=\"Nelsa, la ni\u00f1a ember\u00e1 que esper\u00f3 dos a\u00f1os para que atendieran su fractura\u00a0 - M\u00e9dicos Sin Fronteras Colombia | Ayuda m\u00e9dico-humanitaria\" \/>\n<meta property=\"og:description\" content=\"Carlos Estrella, coordinador del sistema respuesta a emergencias de nuestra organizaci\u00f3n en Colombia, nos comparte el relato de la visita de nuestro equipo a Novita, Choc\u00f3, en donde conoci\u00f3 a una ni\u00f1a de la comunidad ind\u00edgena Ember\u00e1 que llevaba 24 meses sin poder caminar por una fractura de tibia y peron\u00e9 que nunca hab\u00eda podido ser atendida.\" \/>\n<meta property=\"og:url\" content=\"https:\/\/pezgordon.com\/msf_dev\/actualidad\/nelsa-la-nina-embera-que-espero-dos-anos-para-que-atendieran-su-fractura\/\" \/>\n<meta property=\"og:site_name\" content=\"M\u00e9dicos Sin Fronteras Colombia | Ayuda m\u00e9dico-humanitaria\" \/>\n<meta property=\"article:publisher\" content=\"https:\/\/www.facebook.com\/medicossinfronteras.ong\" \/>\n<meta property=\"article:published_time\" content=\"2022-07-07T11:01:55+00:00\" \/>\n<meta property=\"og:image\" content=\"https:\/\/pezgordon.com\/msf_dev\/wp-content\/uploads\/2022\/11\/llegando_a_novita_choco_colombia.jpeg\" \/>\n\t<meta property=\"og:image:width\" content=\"1600\" \/>\n\t<meta property=\"og:image:height\" content=\"1200\" \/>\n\t<meta property=\"og:image:type\" content=\"image\/jpeg\" \/>\n<meta name=\"author\" content=\"dev_ops\" \/>\n<meta name=\"twitter:card\" content=\"summary_large_image\" \/>\n<meta name=\"twitter:creator\" content=\"@MSF_Colombia\" \/>\n<meta name=\"twitter:site\" content=\"@MSF_Colombia\" \/>\n<script type=\"application\/ld+json\" class=\"yoast-schema-graph\">{\"@context\":\"https:\/\/schema.org\",\"@graph\":[{\"@type\":\"Article\",\"@id\":\"https:\/\/pezgordon.com\/msf_dev\/actualidad\/nelsa-la-nina-embera-que-espero-dos-anos-para-que-atendieran-su-fractura\/#article\",\"isPartOf\":{\"@id\":\"https:\/\/pezgordon.com\/msf_dev\/actualidad\/nelsa-la-nina-embera-que-espero-dos-anos-para-que-atendieran-su-fractura\/\"},\"author\":{\"name\":\"dev_ops\",\"@id\":\"https:\/\/pezgordon.com\/msf_dev\/#\/schema\/person\/054d70cc916aae3c9caa0dac8cbc71c6\"},\"headline\":\"Nelsa, la ni\u00f1a ember\u00e1 que esper\u00f3 dos a\u00f1os para que atendieran su fractura\u00a0\",\"datePublished\":\"2022-07-07T11:01:55+00:00\",\"dateModified\":\"2022-07-07T11:01:55+00:00\",\"mainEntityOfPage\":{\"@id\":\"https:\/\/pezgordon.com\/msf_dev\/actualidad\/nelsa-la-nina-embera-que-espero-dos-anos-para-que-atendieran-su-fractura\/\"},\"wordCount\":916,\"commentCount\":0,\"publisher\":{\"@id\":\"https:\/\/pezgordon.com\/msf_dev\/#organization\"},\"image\":{\"@id\":\"https:\/\/pezgordon.com\/msf_dev\/actualidad\/nelsa-la-nina-embera-que-espero-dos-anos-para-que-atendieran-su-fractura\/#primaryimage\"},\"thumbnailUrl\":\"https:\/\/pezgordon.com\/msf_dev\/wp-content\/uploads\/2022\/11\/llegando_a_novita_choco_colombia.jpeg\",\"keywords\":[\"Acceso a la salud\"],\"inLanguage\":\"es\",\"potentialAction\":[{\"@type\":\"CommentAction\",\"name\":\"Comment\",\"target\":[\"https:\/\/pezgordon.com\/msf_dev\/actualidad\/nelsa-la-nina-embera-que-espero-dos-anos-para-que-atendieran-su-fractura\/#respond\"]}]},{\"@type\":\"WebPage\",\"@id\":\"https:\/\/pezgordon.com\/msf_dev\/actualidad\/nelsa-la-nina-embera-que-espero-dos-anos-para-que-atendieran-su-fractura\/\",\"url\":\"https:\/\/pezgordon.com\/msf_dev\/actualidad\/nelsa-la-nina-embera-que-espero-dos-anos-para-que-atendieran-su-fractura\/\",\"name\":\"Nelsa, la ni\u00f1a ember\u00e1 que esper\u00f3 dos a\u00f1os para que atendieran su fractura\u00a0 - M\u00e9dicos Sin Fronteras Colombia | Ayuda m\u00e9dico-humanitaria\",\"isPartOf\":{\"@id\":\"https:\/\/pezgordon.com\/msf_dev\/#website\"},\"primaryImageOfPage\":{\"@id\":\"https:\/\/pezgordon.com\/msf_dev\/actualidad\/nelsa-la-nina-embera-que-espero-dos-anos-para-que-atendieran-su-fractura\/#primaryimage\"},\"image\":{\"@id\":\"https:\/\/pezgordon.com\/msf_dev\/actualidad\/nelsa-la-nina-embera-que-espero-dos-anos-para-que-atendieran-su-fractura\/#primaryimage\"},\"thumbnailUrl\":\"https:\/\/pezgordon.com\/msf_dev\/wp-content\/uploads\/2022\/11\/llegando_a_novita_choco_colombia.jpeg\",\"datePublished\":\"2022-07-07T11:01:55+00:00\",\"dateModified\":\"2022-07-07T11:01:55+00:00\",\"breadcrumb\":{\"@id\":\"https:\/\/pezgordon.com\/msf_dev\/actualidad\/nelsa-la-nina-embera-que-espero-dos-anos-para-que-atendieran-su-fractura\/#breadcrumb\"},\"inLanguage\":\"es\",\"potentialAction\":[{\"@type\":\"ReadAction\",\"target\":[\"https:\/\/pezgordon.com\/msf_dev\/actualidad\/nelsa-la-nina-embera-que-espero-dos-anos-para-que-atendieran-su-fractura\/\"]}]},{\"@type\":\"ImageObject\",\"inLanguage\":\"es\",\"@id\":\"https:\/\/pezgordon.com\/msf_dev\/actualidad\/nelsa-la-nina-embera-que-espero-dos-anos-para-que-atendieran-su-fractura\/#primaryimage\",\"url\":\"https:\/\/pezgordon.com\/msf_dev\/wp-content\/uploads\/2022\/11\/llegando_a_novita_choco_colombia.jpeg\",\"contentUrl\":\"https:\/\/pezgordon.com\/msf_dev\/wp-content\/uploads\/2022\/11\/llegando_a_novita_choco_colombia.jpeg\",\"width\":1600,\"height\":1200},{\"@type\":\"BreadcrumbList\",\"@id\":\"https:\/\/pezgordon.com\/msf_dev\/actualidad\/nelsa-la-nina-embera-que-espero-dos-anos-para-que-atendieran-su-fractura\/#breadcrumb\",\"itemListElement\":[{\"@type\":\"ListItem\",\"position\":1,\"name\":\"Home\",\"item\":\"https:\/\/pezgordon.com\/msf_dev\/\"},{\"@type\":\"ListItem\",\"position\":2,\"name\":\"Nelsa, la ni\u00f1a ember\u00e1 que esper\u00f3 dos a\u00f1os para que atendieran su fractura\u00a0\"}]},{\"@type\":\"WebSite\",\"@id\":\"https:\/\/pezgordon.com\/msf_dev\/#website\",\"url\":\"https:\/\/pezgordon.com\/msf_dev\/\",\"name\":\"M\u00e9dicos Sin Fronteras Colombia | Ayuda m\u00e9dico-humanitaria\",\"description\":\"\",\"publisher\":{\"@id\":\"https:\/\/pezgordon.com\/msf_dev\/#organization\"},\"potentialAction\":[{\"@type\":\"SearchAction\",\"target\":{\"@type\":\"EntryPoint\",\"urlTemplate\":\"https:\/\/pezgordon.com\/msf_dev\/?s={search_term_string}\"},\"query-input\":\"required name=search_term_string\"}],\"inLanguage\":\"es\"},{\"@type\":\"Organization\",\"@id\":\"https:\/\/pezgordon.com\/msf_dev\/#organization\",\"name\":\"M\u00e9dicos Sin Fronteras Colombia\",\"alternateName\":\"MSF\",\"url\":\"https:\/\/pezgordon.com\/msf_dev\/\",\"logo\":{\"@type\":\"ImageObject\",\"inLanguage\":\"es\",\"@id\":\"https:\/\/pezgordon.com\/msf_dev\/#\/schema\/logo\/image\/\",\"url\":\"https:\/\/pezgordon.com\/msf_dev\/wp-content\/uploads\/2023\/05\/msf_organization.png\",\"contentUrl\":\"https:\/\/pezgordon.com\/msf_dev\/wp-content\/uploads\/2023\/05\/msf_organization.png\",\"width\":120,\"height\":120,\"caption\":\"M\u00e9dicos Sin Fronteras Colombia\"},\"image\":{\"@id\":\"https:\/\/pezgordon.com\/msf_dev\/#\/schema\/logo\/image\/\"},\"sameAs\":[\"https:\/\/www.facebook.com\/medicossinfronteras.ong\",\"https:\/\/x.com\/MSF_Colombia\",\"https:\/\/www.youtube.com\/user\/MedicosSinFronteras\",\"https:\/\/www.tiktok.com\/@medicossinfronteras\",\"https:\/\/www.instagram.com\/msf_sudamerica\",\"https:\/\/www.linkedin.com\/company\/msf-latam\/mycompany\/\"]},{\"@type\":\"Person\",\"@id\":\"https:\/\/pezgordon.com\/msf_dev\/#\/schema\/person\/054d70cc916aae3c9caa0dac8cbc71c6\",\"name\":\"dev_ops\",\"sameAs\":[\"http:\/\/localhost\/medicos\"]}]}<\/script>\n<!-- \/ Yoast SEO plugin. -->","yoast_head_json":{"title":"Nelsa, la ni\u00f1a ember\u00e1 que esper\u00f3 dos a\u00f1os para que atendieran su fractura\u00a0 - M\u00e9dicos Sin Fronteras Colombia | Ayuda m\u00e9dico-humanitaria","robots":{"index":"noindex","follow":"follow","max-snippet":"max-snippet:-1","max-image-preview":"max-image-preview:large","max-video-preview":"max-video-preview:-1"},"og_locale":"es_ES","og_type":"article","og_title":"Nelsa, la ni\u00f1a ember\u00e1 que esper\u00f3 dos a\u00f1os para que atendieran su fractura\u00a0 - M\u00e9dicos Sin Fronteras Colombia | Ayuda m\u00e9dico-humanitaria","og_description":"Carlos Estrella, coordinador del sistema respuesta a emergencias de nuestra organizaci\u00f3n en Colombia, nos comparte el relato de la visita de nuestro equipo a Novita, Choc\u00f3, en donde conoci\u00f3 a una ni\u00f1a de la comunidad ind\u00edgena Ember\u00e1 que llevaba 24 meses sin poder caminar por una fractura de tibia y peron\u00e9 que nunca hab\u00eda podido ser atendida.","og_url":"https:\/\/pezgordon.com\/msf_dev\/actualidad\/nelsa-la-nina-embera-que-espero-dos-anos-para-que-atendieran-su-fractura\/","og_site_name":"M\u00e9dicos Sin Fronteras Colombia | Ayuda m\u00e9dico-humanitaria","article_publisher":"https:\/\/www.facebook.com\/medicossinfronteras.ong","article_published_time":"2022-07-07T11:01:55+00:00","og_image":[{"width":1600,"height":1200,"url":"https:\/\/pezgordon.com\/msf_dev\/wp-content\/uploads\/2022\/11\/llegando_a_novita_choco_colombia.jpeg","type":"image\/jpeg"}],"author":"dev_ops","twitter_card":"summary_large_image","twitter_creator":"@MSF_Colombia","twitter_site":"@MSF_Colombia","schema":{"@context":"https:\/\/schema.org","@graph":[{"@type":"Article","@id":"https:\/\/pezgordon.com\/msf_dev\/actualidad\/nelsa-la-nina-embera-que-espero-dos-anos-para-que-atendieran-su-fractura\/#article","isPartOf":{"@id":"https:\/\/pezgordon.com\/msf_dev\/actualidad\/nelsa-la-nina-embera-que-espero-dos-anos-para-que-atendieran-su-fractura\/"},"author":{"name":"dev_ops","@id":"https:\/\/pezgordon.com\/msf_dev\/#\/schema\/person\/054d70cc916aae3c9caa0dac8cbc71c6"},"headline":"Nelsa, la ni\u00f1a ember\u00e1 que esper\u00f3 dos a\u00f1os para que atendieran su fractura\u00a0","datePublished":"2022-07-07T11:01:55+00:00","dateModified":"2022-07-07T11:01:55+00:00","mainEntityOfPage":{"@id":"https:\/\/pezgordon.com\/msf_dev\/actualidad\/nelsa-la-nina-embera-que-espero-dos-anos-para-que-atendieran-su-fractura\/"},"wordCount":916,"commentCount":0,"publisher":{"@id":"https:\/\/pezgordon.com\/msf_dev\/#organization"},"image":{"@id":"https:\/\/pezgordon.com\/msf_dev\/actualidad\/nelsa-la-nina-embera-que-espero-dos-anos-para-que-atendieran-su-fractura\/#primaryimage"},"thumbnailUrl":"https:\/\/pezgordon.com\/msf_dev\/wp-content\/uploads\/2022\/11\/llegando_a_novita_choco_colombia.jpeg","keywords":["Acceso a la salud"],"inLanguage":"es","potentialAction":[{"@type":"CommentAction","name":"Comment","target":["https:\/\/pezgordon.com\/msf_dev\/actualidad\/nelsa-la-nina-embera-que-espero-dos-anos-para-que-atendieran-su-fractura\/#respond"]}]},{"@type":"WebPage","@id":"https:\/\/pezgordon.com\/msf_dev\/actualidad\/nelsa-la-nina-embera-que-espero-dos-anos-para-que-atendieran-su-fractura\/","url":"https:\/\/pezgordon.com\/msf_dev\/actualidad\/nelsa-la-nina-embera-que-espero-dos-anos-para-que-atendieran-su-fractura\/","name":"Nelsa, la ni\u00f1a ember\u00e1 que esper\u00f3 dos a\u00f1os para que atendieran su fractura\u00a0 - M\u00e9dicos Sin Fronteras Colombia | Ayuda m\u00e9dico-humanitaria","isPartOf":{"@id":"https:\/\/pezgordon.com\/msf_dev\/#website"},"primaryImageOfPage":{"@id":"https:\/\/pezgordon.com\/msf_dev\/actualidad\/nelsa-la-nina-embera-que-espero-dos-anos-para-que-atendieran-su-fractura\/#primaryimage"},"image":{"@id":"https:\/\/pezgordon.com\/msf_dev\/actualidad\/nelsa-la-nina-embera-que-espero-dos-anos-para-que-atendieran-su-fractura\/#primaryimage"},"thumbnailUrl":"https:\/\/pezgordon.com\/msf_dev\/wp-content\/uploads\/2022\/11\/llegando_a_novita_choco_colombia.jpeg","datePublished":"2022-07-07T11:01:55+00:00","dateModified":"2022-07-07T11:01:55+00:00","breadcrumb":{"@id":"https:\/\/pezgordon.com\/msf_dev\/actualidad\/nelsa-la-nina-embera-que-espero-dos-anos-para-que-atendieran-su-fractura\/#breadcrumb"},"inLanguage":"es","potentialAction":[{"@type":"ReadAction","target":["https:\/\/pezgordon.com\/msf_dev\/actualidad\/nelsa-la-nina-embera-que-espero-dos-anos-para-que-atendieran-su-fractura\/"]}]},{"@type":"ImageObject","inLanguage":"es","@id":"https:\/\/pezgordon.com\/msf_dev\/actualidad\/nelsa-la-nina-embera-que-espero-dos-anos-para-que-atendieran-su-fractura\/#primaryimage","url":"https:\/\/pezgordon.com\/msf_dev\/wp-content\/uploads\/2022\/11\/llegando_a_novita_choco_colombia.jpeg","contentUrl":"https:\/\/pezgordon.com\/msf_dev\/wp-content\/uploads\/2022\/11\/llegando_a_novita_choco_colombia.jpeg","width":1600,"height":1200},{"@type":"BreadcrumbList","@id":"https:\/\/pezgordon.com\/msf_dev\/actualidad\/nelsa-la-nina-embera-que-espero-dos-anos-para-que-atendieran-su-fractura\/#breadcrumb","itemListElement":[{"@type":"ListItem","position":1,"name":"Home","item":"https:\/\/pezgordon.com\/msf_dev\/"},{"@type":"ListItem","position":2,"name":"Nelsa, la ni\u00f1a ember\u00e1 que esper\u00f3 dos a\u00f1os para que atendieran su fractura\u00a0"}]},{"@type":"WebSite","@id":"https:\/\/pezgordon.com\/msf_dev\/#website","url":"https:\/\/pezgordon.com\/msf_dev\/","name":"M\u00e9dicos Sin Fronteras Colombia | Ayuda m\u00e9dico-humanitaria","description":"","publisher":{"@id":"https:\/\/pezgordon.com\/msf_dev\/#organization"},"potentialAction":[{"@type":"SearchAction","target":{"@type":"EntryPoint","urlTemplate":"https:\/\/pezgordon.com\/msf_dev\/?s={search_term_string}"},"query-input":"required name=search_term_string"}],"inLanguage":"es"},{"@type":"Organization","@id":"https:\/\/pezgordon.com\/msf_dev\/#organization","name":"M\u00e9dicos Sin Fronteras Colombia","alternateName":"MSF","url":"https:\/\/pezgordon.com\/msf_dev\/","logo":{"@type":"ImageObject","inLanguage":"es","@id":"https:\/\/pezgordon.com\/msf_dev\/#\/schema\/logo\/image\/","url":"https:\/\/pezgordon.com\/msf_dev\/wp-content\/uploads\/2023\/05\/msf_organization.png","contentUrl":"https:\/\/pezgordon.com\/msf_dev\/wp-content\/uploads\/2023\/05\/msf_organization.png","width":120,"height":120,"caption":"M\u00e9dicos Sin Fronteras Colombia"},"image":{"@id":"https:\/\/pezgordon.com\/msf_dev\/#\/schema\/logo\/image\/"},"sameAs":["https:\/\/www.facebook.com\/medicossinfronteras.ong","https:\/\/x.com\/MSF_Colombia","https:\/\/www.youtube.com\/user\/MedicosSinFronteras","https:\/\/www.tiktok.com\/@medicossinfronteras","https:\/\/www.instagram.com\/msf_sudamerica","https:\/\/www.linkedin.com\/company\/msf-latam\/mycompany\/"]},{"@type":"Person","@id":"https:\/\/pezgordon.com\/msf_dev\/#\/schema\/person\/054d70cc916aae3c9caa0dac8cbc71c6","name":"dev_ops","sameAs":["http:\/\/localhost\/medicos"]}]}},"menu_order":0,"_links":{"self":[{"href":"https:\/\/pezgordon.com\/msf_dev\/wp-json\/wp\/v2\/posts\/321"}],"collection":[{"href":"https:\/\/pezgordon.com\/msf_dev\/wp-json\/wp\/v2\/posts"}],"about":[{"href":"https:\/\/pezgordon.com\/msf_dev\/wp-json\/wp\/v2\/types\/post"}],"author":[{"embeddable":true,"href":"https:\/\/pezgordon.com\/msf_dev\/wp-json\/wp\/v2\/users\/1"}],"replies":[{"embeddable":true,"href":"https:\/\/pezgordon.com\/msf_dev\/wp-json\/wp\/v2\/comments?post=321"}],"version-history":[{"count":0,"href":"https:\/\/pezgordon.com\/msf_dev\/wp-json\/wp\/v2\/posts\/321\/revisions"}],"wp:featuredmedia":[{"embeddable":true,"href":"https:\/\/pezgordon.com\/msf_dev\/wp-json\/wp\/v2\/media\/322"}],"wp:attachment":[{"href":"https:\/\/pezgordon.com\/msf_dev\/wp-json\/wp\/v2\/media?parent=321"}],"wp:term":[{"taxonomy":"category","embeddable":true,"href":"https:\/\/pezgordon.com\/msf_dev\/wp-json\/wp\/v2\/categories?post=321"},{"taxonomy":"post_tag","embeddable":true,"href":"https:\/\/pezgordon.com\/msf_dev\/wp-json\/wp\/v2\/tags?post=321"},{"taxonomy":"paises","embeddable":true,"href":"https:\/\/pezgordon.com\/msf_dev\/wp-json\/wp\/v2\/paises?post=321"}],"curies":[{"name":"wp","href":"https:\/\/api.w.org\/{rel}","templated":true}]}}