{"id":318,"date":"2022-07-08T00:00:00","date_gmt":"2022-07-08T10:08:03","guid":{"rendered":"https:\/\/pezgordon.com\/msf_dev\/2022\/07\/08\/las-necesidades-son-enormes-miles-de-personas-desplazadas-en-burkina-faso-carecen-de-acceso-a-atencion-medica\/"},"modified":"2022-07-08T00:00:00","modified_gmt":"2022-07-08T10:08:03","slug":"las-necesidades-son-enormes-miles-de-personas-desplazadas-en-burkina-faso-carecen-de-acceso-a-atencion-medica","status":"publish","type":"post","link":"https:\/\/pezgordon.com\/msf_dev\/actualidad\/las-necesidades-son-enormes-miles-de-personas-desplazadas-en-burkina-faso-carecen-de-acceso-a-atencion-medica\/","title":{"rendered":"\u00abLas necesidades son enormes\u00bb: miles de personas desplazadas en Burkina Faso carecen de acceso a atenci\u00f3n m\u00e9dica"},"content":{"rendered":"<p>\u201cMi esposa estaba embarazada\u201d, dice Ousseini. \u201cTuve que llevarla a un centro de salud en Kongoussi en motocicleta. En Silgadji <strong>no tuvimos acceso a atenci\u00f3n m\u00e9dica<\/strong> porque<strong> los centros de salud estaban cerrados<\/strong>. Los primeros en irse cuando estall\u00f3 el conflicto fue el personal de enfermer\u00eda y los centros de salud que permanec\u00edan abiertos estaban muy lejos\u201d. Ousseini y su esposa fueron <strong>desplazados <\/strong>de su casa de Silgadji, en Burkina Faso, y actualmente est\u00e1n viviendo en Kongoussi, a 80 km.<\/p>\n<p>En un contexto de creciente inseguridad, la experiencia de Ousseini y su esposa es similar a la de miles de personas que <strong>escaparon de la violencia<\/strong> en Burkina Faso. Los <strong>desplazamientos a escala masiva <\/strong>aumentaron dr\u00e1sticamente las necesidades humanitarias de la poblaci\u00f3n y muchas comunidades, tanto de desplazados como de acogida, <strong>carecen de muchos elementos esenciales<\/strong>, incluida la atenci\u00f3n m\u00e9dica.\u00a0<\/p>\n<p>Las personas que viven con miedo d\u00eda tras d\u00eda a menudo se encuentran con <strong>dificultades <\/strong>aun al huir de sus hogares. Muchas carreteras no son seguras, y las personas corren el <strong>riesgo de ser atacadas durante el viaje<\/strong>.<\/p>\n<p>En varias regiones del pa\u00eds, los equipos de nuestra organizaci\u00f3n pusieron en marcha <strong>cl\u00ednicas m\u00f3viles en las carreteras<\/strong>, as\u00ed como <strong>puestos de salud avanzados <\/strong>en ciudades y pueblos, para proporcionar atenci\u00f3n m\u00e9dica gratuita. \u201cTambi\u00e9n estamos llevando a cabo actividades comunitarias para estar lo m\u00e1s cerca que podamos de las personas, especialmente de aquellas que viven en las afueras o en zonas rurales alejadas de las ciudades\u201d, informa nuestro coordinador m\u00e9dico, Michel Madika. \u00a0<\/p>\n<p>A pesar de sus esfuerzos, para las organizaciones m\u00e9dicas y humanitarias puede ser <strong>dif\u00edcil llegar a quienes necesitan ayuda<\/strong>, ya que los traslados tambi\u00e9n pueden ser <strong>peligrosos <\/strong>para los trabajadores que prestan asistencia. En Djibo, una ciudad sin salida al mar ubicada en la regi\u00f3n des\u00e9rtica del Sahel, tuvimos que suspender los traslados de nuestros equipos fuera de la ciudad durante varios meses. La carretera entre la capital, Uagadugu, y Djibo dej\u00f3 de ser segura debido a los <strong>puestos de control operados por grupos armados<\/strong>, a las <strong>emboscadas <\/strong>y los <strong>dispositivos explosivos<\/strong> improvisados colocados al borde de la carretera.\u00a0<\/p>\n<p>Esto suele suceder en la mayor\u00eda de los lugares en donde trabajamos en Burkina Faso. Incluso los vuelos de asistencia que conectan ciudades de todo el pa\u00eds suelen suspenderse durante semanas a causa de la inseguridad. \u00a0<\/p>\n<p><strong>La violencia tiene un efecto negativo en el acceso a los servicios sociales b\u00e1sicos<\/strong>. Las personas que dejan sus hogares <strong>suelen llegar sin nada<\/strong>. Para ellos, cada consulta en un centro de salud conlleva la preocupaci\u00f3n de c\u00f3mo van a pagarla. \u00a0<\/p>\n<blockquote class=\"blockquote-drupal\">\n<p>\u201cDesde que estoy en Djibo, el costo de los medicamentos recetados es alto y es muy dif\u00edcil pagarlo para una persona desplazada\u201d, dijo Belco, quien dej\u00f3 Baraboul\u00e9 por la relativa seguridad de Djibo. \u00a0<\/p>\n<\/blockquote>\n<p>Al no poder pagar la atenci\u00f3n m\u00e9dica, Husseini recurri\u00f3 a <strong>curanderos tradicionales<\/strong>: \u201cComo no me hab\u00eda atendido un m\u00e9dico, mi \u00fanica alternativa era tratarme con curanderos tradicionales y medicamentos de venta libre\u201d, dijo.<\/p>\n<p>Como se\u00f1ala Michel Madika, esas alternativas no son seguras, por lo que la atenci\u00f3n m\u00e9dica gratuita es fundamental:<\/p>\n<blockquote class=\"blockquote-drupal\">\n<p>\u201cNecesitamos que otras organizaciones tambi\u00e9n den un paso adelante y contribuyan a la prestaci\u00f3n de atenci\u00f3n m\u00e9dica gratuita, no solo para los ni\u00f1os menores de cinco a\u00f1os y las mujeres embarazadas, sino tambi\u00e9n para todas las personas en las zonas m\u00e1s afectadas por el conflicto, porque las necesidades son enormes\u201d, agreg\u00f3. \u201c\u00bfC\u00f3mo puede garantizarse la atenci\u00f3n m\u00e9dica gratuita cuando Burkina Faso recibi\u00f3 hasta el momento tan solo el 15 % del financiamiento establecido para 2022 en el plan de respuesta humanitaria?<\/p>\n<\/blockquote>\n<div class=\"media-p\">\n<div class=\"media media-element-container media-wysiwyg\">\n<div id=\"file-58161\" class=\"file file-image file-image-jpeg\">\n<div class=\"content\">\n    <img loading=\"lazy\" decoding=\"async\" alt=\"Cl\u00ednica m\u00f3vil de MSF en el campo para personas desplazadas internamente de Kaya, en Burkina Faso\" title=\"Cl\u00ednica m\u00f3vil de MSF en el campo para personas desplazadas internamente de Kaya, en Burkina Faso\" class=\"media-element file-wysiwyg\" data-delta=\"1\" typeof=\"foaf:Image\" src=\"https:\/\/pezgordon.com\/msf_dev\/wp-content\/uploads\/2022\/11\/msb127722_clinica_movil_campo_personas_desplazadas_internamente_kaya_burkina_faso.jpg?itok=ojhRoYft\" width=\"735\" height=\"490\" \/><\/p>\n<div class=\"content-image__copyright\"><span class=\"image__caption\">Nuestra cl\u00ednica m\u00f3vil en el campo para personas desplazadas internamente de Kaya, en Burkina Faso.<\/span><span class=\"image__copyright\"> \u00a9 Mohamed El-Habib Cisse\/MSF.<\/span><\/div>\n<\/p><\/div>\n<\/div>\n<\/div>\n<\/div>\n<h2>Nuestra acci\u00f3n en Burkina Faso desde principios de 2022<\/h2>\n<ul>\n<li>365.694 consultas m\u00e9dicas.<\/li>\n<li>30.439 consultas prenatales.<\/li>\n<li>5.395 derivaciones m\u00e9dicas.<\/li>\n<li>311 cirug\u00edas.<\/li>\n<\/ul>\n","protected":false},"excerpt":{"rendered":"<p>Desde 2015, el pa\u00eds atraviesa una crisis de seguridad que caus\u00f3 desplazamientos generalizados. Se calcula que 1,9 millones de personas tuvieron que dejar sus hogares, mientras que m\u00e1s de 500 centros de salud cerraron o est\u00e1n funcionando a su m\u00ednima capacidad. Semana a semana, la situaci\u00f3n humanitaria es cada vez m\u00e1s preocupante.<\/p>\n","protected":false},"author":1,"featured_media":319,"comment_status":"open","ping_status":"open","sticky":false,"template":"","format":"standard","meta":{"_acf_changed":false,"footnotes":""},"categories":[1],"tags":[5],"paises":[29],"class_list":["post-318","post","type-post","status-publish","format-standard","has-post-thumbnail","hentry","category-sin-categoria","tag-desplazamientos-y-migraciones","paises-burkina-faso"],"acf":[],"yoast_head":"<!-- This site is optimized with the Yoast SEO plugin v23.0 - https:\/\/yoast.com\/wordpress\/plugins\/seo\/ -->\n<title>&quot;Las necesidades son enormes&quot;: miles de personas desplazadas en Burkina Faso carecen de acceso a atenci\u00f3n m\u00e9dica - M\u00e9dicos Sin Fronteras Colombia | Ayuda m\u00e9dico-humanitaria<\/title>\n<meta name=\"robots\" content=\"noindex, follow, max-snippet:-1, max-image-preview:large, max-video-preview:-1\" \/>\n<meta property=\"og:locale\" content=\"es_ES\" \/>\n<meta property=\"og:type\" content=\"article\" \/>\n<meta property=\"og:title\" content=\"&quot;Las necesidades son enormes&quot;: miles de personas desplazadas en Burkina Faso carecen de acceso a atenci\u00f3n m\u00e9dica - M\u00e9dicos Sin Fronteras Colombia | Ayuda m\u00e9dico-humanitaria\" \/>\n<meta property=\"og:description\" content=\"Desde 2015, el pa\u00eds atraviesa una crisis de seguridad que caus\u00f3 desplazamientos generalizados. Se calcula que 1,9 millones de personas tuvieron que dejar sus hogares, mientras que m\u00e1s de 500 centros de salud cerraron o est\u00e1n funcionando a su m\u00ednima capacidad. Semana a semana, la situaci\u00f3n humanitaria es cada vez m\u00e1s preocupante.\" \/>\n<meta property=\"og:url\" content=\"https:\/\/pezgordon.com\/msf_dev\/actualidad\/las-necesidades-son-enormes-miles-de-personas-desplazadas-en-burkina-faso-carecen-de-acceso-a-atencion-medica\/\" \/>\n<meta property=\"og:site_name\" content=\"M\u00e9dicos Sin Fronteras Colombia | Ayuda m\u00e9dico-humanitaria\" \/>\n<meta property=\"article:publisher\" content=\"https:\/\/www.facebook.com\/medicossinfronteras.ong\" \/>\n<meta property=\"article:published_time\" content=\"2022-07-08T10:08:03+00:00\" \/>\n<meta property=\"og:image\" content=\"https:\/\/pezgordon.com\/msf_dev\/wp-content\/uploads\/2022\/11\/msb127712_campo_para_personas_desplazadas_internamente_gorom_gorom_burkina_faso.jpg\" \/>\n\t<meta property=\"og:image:width\" content=\"1000\" \/>\n\t<meta property=\"og:image:height\" content=\"667\" \/>\n\t<meta property=\"og:image:type\" content=\"image\/jpeg\" \/>\n<meta name=\"author\" content=\"dev_ops\" \/>\n<meta name=\"twitter:card\" content=\"summary_large_image\" \/>\n<meta name=\"twitter:creator\" content=\"@MSF_Colombia\" \/>\n<meta name=\"twitter:site\" content=\"@MSF_Colombia\" \/>\n<script type=\"application\/ld+json\" class=\"yoast-schema-graph\">{\"@context\":\"https:\/\/schema.org\",\"@graph\":[{\"@type\":\"Article\",\"@id\":\"https:\/\/pezgordon.com\/msf_dev\/actualidad\/las-necesidades-son-enormes-miles-de-personas-desplazadas-en-burkina-faso-carecen-de-acceso-a-atencion-medica\/#article\",\"isPartOf\":{\"@id\":\"https:\/\/pezgordon.com\/msf_dev\/actualidad\/las-necesidades-son-enormes-miles-de-personas-desplazadas-en-burkina-faso-carecen-de-acceso-a-atencion-medica\/\"},\"author\":{\"name\":\"dev_ops\",\"@id\":\"https:\/\/pezgordon.com\/msf_dev\/#\/schema\/person\/054d70cc916aae3c9caa0dac8cbc71c6\"},\"headline\":\"\u00abLas necesidades son enormes\u00bb: miles de personas desplazadas en Burkina Faso carecen de acceso a atenci\u00f3n m\u00e9dica\",\"datePublished\":\"2022-07-08T10:08:03+00:00\",\"dateModified\":\"2022-07-08T10:08:03+00:00\",\"mainEntityOfPage\":{\"@id\":\"https:\/\/pezgordon.com\/msf_dev\/actualidad\/las-necesidades-son-enormes-miles-de-personas-desplazadas-en-burkina-faso-carecen-de-acceso-a-atencion-medica\/\"},\"wordCount\":695,\"commentCount\":0,\"publisher\":{\"@id\":\"https:\/\/pezgordon.com\/msf_dev\/#organization\"},\"image\":{\"@id\":\"https:\/\/pezgordon.com\/msf_dev\/actualidad\/las-necesidades-son-enormes-miles-de-personas-desplazadas-en-burkina-faso-carecen-de-acceso-a-atencion-medica\/#primaryimage\"},\"thumbnailUrl\":\"https:\/\/pezgordon.com\/msf_dev\/wp-content\/uploads\/2022\/11\/msb127712_campo_para_personas_desplazadas_internamente_gorom_gorom_burkina_faso.jpg\",\"keywords\":[\"Desplazamientos y migraciones\"],\"inLanguage\":\"es\",\"potentialAction\":[{\"@type\":\"CommentAction\",\"name\":\"Comment\",\"target\":[\"https:\/\/pezgordon.com\/msf_dev\/actualidad\/las-necesidades-son-enormes-miles-de-personas-desplazadas-en-burkina-faso-carecen-de-acceso-a-atencion-medica\/#respond\"]}]},{\"@type\":\"WebPage\",\"@id\":\"https:\/\/pezgordon.com\/msf_dev\/actualidad\/las-necesidades-son-enormes-miles-de-personas-desplazadas-en-burkina-faso-carecen-de-acceso-a-atencion-medica\/\",\"url\":\"https:\/\/pezgordon.com\/msf_dev\/actualidad\/las-necesidades-son-enormes-miles-de-personas-desplazadas-en-burkina-faso-carecen-de-acceso-a-atencion-medica\/\",\"name\":\"\\\"Las necesidades son enormes\\\": miles de personas desplazadas en Burkina Faso carecen de acceso a atenci\u00f3n m\u00e9dica - M\u00e9dicos Sin Fronteras Colombia | Ayuda m\u00e9dico-humanitaria\",\"isPartOf\":{\"@id\":\"https:\/\/pezgordon.com\/msf_dev\/#website\"},\"primaryImageOfPage\":{\"@id\":\"https:\/\/pezgordon.com\/msf_dev\/actualidad\/las-necesidades-son-enormes-miles-de-personas-desplazadas-en-burkina-faso-carecen-de-acceso-a-atencion-medica\/#primaryimage\"},\"image\":{\"@id\":\"https:\/\/pezgordon.com\/msf_dev\/actualidad\/las-necesidades-son-enormes-miles-de-personas-desplazadas-en-burkina-faso-carecen-de-acceso-a-atencion-medica\/#primaryimage\"},\"thumbnailUrl\":\"https:\/\/pezgordon.com\/msf_dev\/wp-content\/uploads\/2022\/11\/msb127712_campo_para_personas_desplazadas_internamente_gorom_gorom_burkina_faso.jpg\",\"datePublished\":\"2022-07-08T10:08:03+00:00\",\"dateModified\":\"2022-07-08T10:08:03+00:00\",\"breadcrumb\":{\"@id\":\"https:\/\/pezgordon.com\/msf_dev\/actualidad\/las-necesidades-son-enormes-miles-de-personas-desplazadas-en-burkina-faso-carecen-de-acceso-a-atencion-medica\/#breadcrumb\"},\"inLanguage\":\"es\",\"potentialAction\":[{\"@type\":\"ReadAction\",\"target\":[\"https:\/\/pezgordon.com\/msf_dev\/actualidad\/las-necesidades-son-enormes-miles-de-personas-desplazadas-en-burkina-faso-carecen-de-acceso-a-atencion-medica\/\"]}]},{\"@type\":\"ImageObject\",\"inLanguage\":\"es\",\"@id\":\"https:\/\/pezgordon.com\/msf_dev\/actualidad\/las-necesidades-son-enormes-miles-de-personas-desplazadas-en-burkina-faso-carecen-de-acceso-a-atencion-medica\/#primaryimage\",\"url\":\"https:\/\/pezgordon.com\/msf_dev\/wp-content\/uploads\/2022\/11\/msb127712_campo_para_personas_desplazadas_internamente_gorom_gorom_burkina_faso.jpg\",\"contentUrl\":\"https:\/\/pezgordon.com\/msf_dev\/wp-content\/uploads\/2022\/11\/msb127712_campo_para_personas_desplazadas_internamente_gorom_gorom_burkina_faso.jpg\",\"width\":1000,\"height\":667},{\"@type\":\"BreadcrumbList\",\"@id\":\"https:\/\/pezgordon.com\/msf_dev\/actualidad\/las-necesidades-son-enormes-miles-de-personas-desplazadas-en-burkina-faso-carecen-de-acceso-a-atencion-medica\/#breadcrumb\",\"itemListElement\":[{\"@type\":\"ListItem\",\"position\":1,\"name\":\"Home\",\"item\":\"https:\/\/pezgordon.com\/msf_dev\/\"},{\"@type\":\"ListItem\",\"position\":2,\"name\":\"\u00abLas necesidades son enormes\u00bb: miles de personas desplazadas en Burkina Faso carecen de acceso a atenci\u00f3n m\u00e9dica\"}]},{\"@type\":\"WebSite\",\"@id\":\"https:\/\/pezgordon.com\/msf_dev\/#website\",\"url\":\"https:\/\/pezgordon.com\/msf_dev\/\",\"name\":\"M\u00e9dicos Sin Fronteras Colombia | Ayuda m\u00e9dico-humanitaria\",\"description\":\"\",\"publisher\":{\"@id\":\"https:\/\/pezgordon.com\/msf_dev\/#organization\"},\"potentialAction\":[{\"@type\":\"SearchAction\",\"target\":{\"@type\":\"EntryPoint\",\"urlTemplate\":\"https:\/\/pezgordon.com\/msf_dev\/?s={search_term_string}\"},\"query-input\":\"required name=search_term_string\"}],\"inLanguage\":\"es\"},{\"@type\":\"Organization\",\"@id\":\"https:\/\/pezgordon.com\/msf_dev\/#organization\",\"name\":\"M\u00e9dicos Sin Fronteras Colombia\",\"alternateName\":\"MSF\",\"url\":\"https:\/\/pezgordon.com\/msf_dev\/\",\"logo\":{\"@type\":\"ImageObject\",\"inLanguage\":\"es\",\"@id\":\"https:\/\/pezgordon.com\/msf_dev\/#\/schema\/logo\/image\/\",\"url\":\"https:\/\/pezgordon.com\/msf_dev\/wp-content\/uploads\/2023\/05\/msf_organization.png\",\"contentUrl\":\"https:\/\/pezgordon.com\/msf_dev\/wp-content\/uploads\/2023\/05\/msf_organization.png\",\"width\":120,\"height\":120,\"caption\":\"M\u00e9dicos Sin Fronteras Colombia\"},\"image\":{\"@id\":\"https:\/\/pezgordon.com\/msf_dev\/#\/schema\/logo\/image\/\"},\"sameAs\":[\"https:\/\/www.facebook.com\/medicossinfronteras.ong\",\"https:\/\/x.com\/MSF_Colombia\",\"https:\/\/www.youtube.com\/user\/MedicosSinFronteras\",\"https:\/\/www.tiktok.com\/@medicossinfronteras\",\"https:\/\/www.instagram.com\/msf_sudamerica\",\"https:\/\/www.linkedin.com\/company\/msf-latam\/mycompany\/\"]},{\"@type\":\"Person\",\"@id\":\"https:\/\/pezgordon.com\/msf_dev\/#\/schema\/person\/054d70cc916aae3c9caa0dac8cbc71c6\",\"name\":\"dev_ops\",\"sameAs\":[\"http:\/\/localhost\/medicos\"]}]}<\/script>\n<!-- \/ Yoast SEO plugin. -->","yoast_head_json":{"title":"\"Las necesidades son enormes\": miles de personas desplazadas en Burkina Faso carecen de acceso a atenci\u00f3n m\u00e9dica - M\u00e9dicos Sin Fronteras Colombia | Ayuda m\u00e9dico-humanitaria","robots":{"index":"noindex","follow":"follow","max-snippet":"max-snippet:-1","max-image-preview":"max-image-preview:large","max-video-preview":"max-video-preview:-1"},"og_locale":"es_ES","og_type":"article","og_title":"\"Las necesidades son enormes\": miles de personas desplazadas en Burkina Faso carecen de acceso a atenci\u00f3n m\u00e9dica - M\u00e9dicos Sin Fronteras Colombia | Ayuda m\u00e9dico-humanitaria","og_description":"Desde 2015, el pa\u00eds atraviesa una crisis de seguridad que caus\u00f3 desplazamientos generalizados. Se calcula que 1,9 millones de personas tuvieron que dejar sus hogares, mientras que m\u00e1s de 500 centros de salud cerraron o est\u00e1n funcionando a su m\u00ednima capacidad. Semana a semana, la situaci\u00f3n humanitaria es cada vez m\u00e1s preocupante.","og_url":"https:\/\/pezgordon.com\/msf_dev\/actualidad\/las-necesidades-son-enormes-miles-de-personas-desplazadas-en-burkina-faso-carecen-de-acceso-a-atencion-medica\/","og_site_name":"M\u00e9dicos Sin Fronteras Colombia | Ayuda m\u00e9dico-humanitaria","article_publisher":"https:\/\/www.facebook.com\/medicossinfronteras.ong","article_published_time":"2022-07-08T10:08:03+00:00","og_image":[{"width":1000,"height":667,"url":"https:\/\/pezgordon.com\/msf_dev\/wp-content\/uploads\/2022\/11\/msb127712_campo_para_personas_desplazadas_internamente_gorom_gorom_burkina_faso.jpg","type":"image\/jpeg"}],"author":"dev_ops","twitter_card":"summary_large_image","twitter_creator":"@MSF_Colombia","twitter_site":"@MSF_Colombia","schema":{"@context":"https:\/\/schema.org","@graph":[{"@type":"Article","@id":"https:\/\/pezgordon.com\/msf_dev\/actualidad\/las-necesidades-son-enormes-miles-de-personas-desplazadas-en-burkina-faso-carecen-de-acceso-a-atencion-medica\/#article","isPartOf":{"@id":"https:\/\/pezgordon.com\/msf_dev\/actualidad\/las-necesidades-son-enormes-miles-de-personas-desplazadas-en-burkina-faso-carecen-de-acceso-a-atencion-medica\/"},"author":{"name":"dev_ops","@id":"https:\/\/pezgordon.com\/msf_dev\/#\/schema\/person\/054d70cc916aae3c9caa0dac8cbc71c6"},"headline":"\u00abLas necesidades son enormes\u00bb: miles de personas desplazadas en Burkina Faso carecen de acceso a atenci\u00f3n m\u00e9dica","datePublished":"2022-07-08T10:08:03+00:00","dateModified":"2022-07-08T10:08:03+00:00","mainEntityOfPage":{"@id":"https:\/\/pezgordon.com\/msf_dev\/actualidad\/las-necesidades-son-enormes-miles-de-personas-desplazadas-en-burkina-faso-carecen-de-acceso-a-atencion-medica\/"},"wordCount":695,"commentCount":0,"publisher":{"@id":"https:\/\/pezgordon.com\/msf_dev\/#organization"},"image":{"@id":"https:\/\/pezgordon.com\/msf_dev\/actualidad\/las-necesidades-son-enormes-miles-de-personas-desplazadas-en-burkina-faso-carecen-de-acceso-a-atencion-medica\/#primaryimage"},"thumbnailUrl":"https:\/\/pezgordon.com\/msf_dev\/wp-content\/uploads\/2022\/11\/msb127712_campo_para_personas_desplazadas_internamente_gorom_gorom_burkina_faso.jpg","keywords":["Desplazamientos y migraciones"],"inLanguage":"es","potentialAction":[{"@type":"CommentAction","name":"Comment","target":["https:\/\/pezgordon.com\/msf_dev\/actualidad\/las-necesidades-son-enormes-miles-de-personas-desplazadas-en-burkina-faso-carecen-de-acceso-a-atencion-medica\/#respond"]}]},{"@type":"WebPage","@id":"https:\/\/pezgordon.com\/msf_dev\/actualidad\/las-necesidades-son-enormes-miles-de-personas-desplazadas-en-burkina-faso-carecen-de-acceso-a-atencion-medica\/","url":"https:\/\/pezgordon.com\/msf_dev\/actualidad\/las-necesidades-son-enormes-miles-de-personas-desplazadas-en-burkina-faso-carecen-de-acceso-a-atencion-medica\/","name":"\"Las necesidades son enormes\": miles de personas desplazadas en Burkina Faso carecen de acceso a atenci\u00f3n m\u00e9dica - M\u00e9dicos Sin Fronteras Colombia | Ayuda m\u00e9dico-humanitaria","isPartOf":{"@id":"https:\/\/pezgordon.com\/msf_dev\/#website"},"primaryImageOfPage":{"@id":"https:\/\/pezgordon.com\/msf_dev\/actualidad\/las-necesidades-son-enormes-miles-de-personas-desplazadas-en-burkina-faso-carecen-de-acceso-a-atencion-medica\/#primaryimage"},"image":{"@id":"https:\/\/pezgordon.com\/msf_dev\/actualidad\/las-necesidades-son-enormes-miles-de-personas-desplazadas-en-burkina-faso-carecen-de-acceso-a-atencion-medica\/#primaryimage"},"thumbnailUrl":"https:\/\/pezgordon.com\/msf_dev\/wp-content\/uploads\/2022\/11\/msb127712_campo_para_personas_desplazadas_internamente_gorom_gorom_burkina_faso.jpg","datePublished":"2022-07-08T10:08:03+00:00","dateModified":"2022-07-08T10:08:03+00:00","breadcrumb":{"@id":"https:\/\/pezgordon.com\/msf_dev\/actualidad\/las-necesidades-son-enormes-miles-de-personas-desplazadas-en-burkina-faso-carecen-de-acceso-a-atencion-medica\/#breadcrumb"},"inLanguage":"es","potentialAction":[{"@type":"ReadAction","target":["https:\/\/pezgordon.com\/msf_dev\/actualidad\/las-necesidades-son-enormes-miles-de-personas-desplazadas-en-burkina-faso-carecen-de-acceso-a-atencion-medica\/"]}]},{"@type":"ImageObject","inLanguage":"es","@id":"https:\/\/pezgordon.com\/msf_dev\/actualidad\/las-necesidades-son-enormes-miles-de-personas-desplazadas-en-burkina-faso-carecen-de-acceso-a-atencion-medica\/#primaryimage","url":"https:\/\/pezgordon.com\/msf_dev\/wp-content\/uploads\/2022\/11\/msb127712_campo_para_personas_desplazadas_internamente_gorom_gorom_burkina_faso.jpg","contentUrl":"https:\/\/pezgordon.com\/msf_dev\/wp-content\/uploads\/2022\/11\/msb127712_campo_para_personas_desplazadas_internamente_gorom_gorom_burkina_faso.jpg","width":1000,"height":667},{"@type":"BreadcrumbList","@id":"https:\/\/pezgordon.com\/msf_dev\/actualidad\/las-necesidades-son-enormes-miles-de-personas-desplazadas-en-burkina-faso-carecen-de-acceso-a-atencion-medica\/#breadcrumb","itemListElement":[{"@type":"ListItem","position":1,"name":"Home","item":"https:\/\/pezgordon.com\/msf_dev\/"},{"@type":"ListItem","position":2,"name":"\u00abLas necesidades son enormes\u00bb: miles de personas desplazadas en Burkina Faso carecen de acceso a atenci\u00f3n m\u00e9dica"}]},{"@type":"WebSite","@id":"https:\/\/pezgordon.com\/msf_dev\/#website","url":"https:\/\/pezgordon.com\/msf_dev\/","name":"M\u00e9dicos Sin Fronteras Colombia | Ayuda m\u00e9dico-humanitaria","description":"","publisher":{"@id":"https:\/\/pezgordon.com\/msf_dev\/#organization"},"potentialAction":[{"@type":"SearchAction","target":{"@type":"EntryPoint","urlTemplate":"https:\/\/pezgordon.com\/msf_dev\/?s={search_term_string}"},"query-input":"required name=search_term_string"}],"inLanguage":"es"},{"@type":"Organization","@id":"https:\/\/pezgordon.com\/msf_dev\/#organization","name":"M\u00e9dicos Sin Fronteras Colombia","alternateName":"MSF","url":"https:\/\/pezgordon.com\/msf_dev\/","logo":{"@type":"ImageObject","inLanguage":"es","@id":"https:\/\/pezgordon.com\/msf_dev\/#\/schema\/logo\/image\/","url":"https:\/\/pezgordon.com\/msf_dev\/wp-content\/uploads\/2023\/05\/msf_organization.png","contentUrl":"https:\/\/pezgordon.com\/msf_dev\/wp-content\/uploads\/2023\/05\/msf_organization.png","width":120,"height":120,"caption":"M\u00e9dicos Sin Fronteras Colombia"},"image":{"@id":"https:\/\/pezgordon.com\/msf_dev\/#\/schema\/logo\/image\/"},"sameAs":["https:\/\/www.facebook.com\/medicossinfronteras.ong","https:\/\/x.com\/MSF_Colombia","https:\/\/www.youtube.com\/user\/MedicosSinFronteras","https:\/\/www.tiktok.com\/@medicossinfronteras","https:\/\/www.instagram.com\/msf_sudamerica","https:\/\/www.linkedin.com\/company\/msf-latam\/mycompany\/"]},{"@type":"Person","@id":"https:\/\/pezgordon.com\/msf_dev\/#\/schema\/person\/054d70cc916aae3c9caa0dac8cbc71c6","name":"dev_ops","sameAs":["http:\/\/localhost\/medicos"]}]}},"menu_order":0,"_links":{"self":[{"href":"https:\/\/pezgordon.com\/msf_dev\/wp-json\/wp\/v2\/posts\/318"}],"collection":[{"href":"https:\/\/pezgordon.com\/msf_dev\/wp-json\/wp\/v2\/posts"}],"about":[{"href":"https:\/\/pezgordon.com\/msf_dev\/wp-json\/wp\/v2\/types\/post"}],"author":[{"embeddable":true,"href":"https:\/\/pezgordon.com\/msf_dev\/wp-json\/wp\/v2\/users\/1"}],"replies":[{"embeddable":true,"href":"https:\/\/pezgordon.com\/msf_dev\/wp-json\/wp\/v2\/comments?post=318"}],"version-history":[{"count":0,"href":"https:\/\/pezgordon.com\/msf_dev\/wp-json\/wp\/v2\/posts\/318\/revisions"}],"wp:featuredmedia":[{"embeddable":true,"href":"https:\/\/pezgordon.com\/msf_dev\/wp-json\/wp\/v2\/media\/319"}],"wp:attachment":[{"href":"https:\/\/pezgordon.com\/msf_dev\/wp-json\/wp\/v2\/media?parent=318"}],"wp:term":[{"taxonomy":"category","embeddable":true,"href":"https:\/\/pezgordon.com\/msf_dev\/wp-json\/wp\/v2\/categories?post=318"},{"taxonomy":"post_tag","embeddable":true,"href":"https:\/\/pezgordon.com\/msf_dev\/wp-json\/wp\/v2\/tags?post=318"},{"taxonomy":"paises","embeddable":true,"href":"https:\/\/pezgordon.com\/msf_dev\/wp-json\/wp\/v2\/paises?post=318"}],"curies":[{"name":"wp","href":"https:\/\/api.w.org\/{rel}","templated":true}]}}