{"id":315,"date":"2022-07-09T00:00:00","date_gmt":"2022-07-09T16:51:49","guid":{"rendered":"https:\/\/pezgordon.com\/msf_dev\/2022\/07\/09\/un-ano-del-geo-barents-en-el-mar\/"},"modified":"2022-07-09T00:00:00","modified_gmt":"2022-07-09T16:51:49","slug":"un-ano-del-geo-barents-en-el-mar","status":"publish","type":"post","link":"https:\/\/pezgordon.com\/msf_dev\/actualidad\/un-ano-del-geo-barents-en-el-mar\/","title":{"rendered":"Un a\u00f1o del Geo Barents en el mar"},"content":{"rendered":"<p>Tras el tr\u00e1gico rescate de la semana pasada, <strong>la triste realidad en la frontera sur de Europa no ha cambiado<\/strong>: la normalizaci\u00f3n de las pol\u00edticas de disuasi\u00f3n y no asistencia en el mar, as\u00ed como el desmantelamiento del sistema de b\u00fasqueda y rescate a favor de los retornos forzosos, siguen generando sufrimiento y p\u00e9rdidas de vidas.<\/p>\n<p>Las cifras, que representan vidas humanas, son escandalosas. Entre <strong>2017 y 2021<\/strong>, al menos <strong>8.500 personas murieron o desaparecieron<\/strong> y <strong>95.000 fueron devueltas forzosamente a Libia<\/strong>, incluidas 32.425 personas solo en 2021 (el mayor n\u00famero de devoluciones forzadas registradas hasta la fecha). En Libia, las personas rescatadas se enfrentan a <strong>tratos degradantes<\/strong> como <strong>extorsi\u00f3n<\/strong>, <strong>tortura <\/strong>y, con demasiada frecuencia, la muerte.<\/p>\n<blockquote class=\"blockquote-drupal\">\n<p>\u201cLos Estados europeos no est\u00e1n proporcionando una capacidad proactiva y adecuada de b\u00fasqueda y rescate y, en cambio, refuerzan la capacidad de la guardia costera libia que sin duda apoya los retornos forzados a Libia, donde la detenci\u00f3n y el abuso son la norma. La presencia de M\u00e9dicos Sin Fronteras en el Mediterr\u00e1neo Central es el resultado directo de la retirada progresiva y vergonzosa de la capacidad naval proactiva de b\u00fasqueda y rescate en el mar Mediterr\u00e1neo liderada por los Estados europeos\u00bb afirma Juan Matias Gil, nuestro jefe de misi\u00f3n en el Geo Barents.<\/p>\n<div class=\"media-p\">\n<div class=\"media media-element-container media-wysiwyg\">\n<div id=\"file-58158\" class=\"file file-image file-image-jpeg\">\n<div class=\"content\">\n    <img loading=\"lazy\" decoding=\"async\" alt=\"Sobreviviente rescatado por el Geo Barents el 9 de mayo de 2022.\" title=\"Sobreviviente rescatado por el Geo Barents el 9 de mayo de 2022.\" class=\"media-element file-wysiwyg\" data-delta=\"1\" typeof=\"foaf:Image\" src=\"https:\/\/pezgordon.com\/msf_dev\/wp-content\/uploads\/2022\/11\/msb124922_sobreviviente_a_bordo_geo_barents_rescate_9_de_mayo_2022.jpg?itok=_T_WNIg8\" width=\"735\" height=\"490\" \/><\/p>\n<div class=\"content-image__copyright\"><span class=\"image__caption\">Sobreviviente rescatado por el Geo Barents el 9 de mayo de 2022.<\/span><span class=\"image__copyright\"> \u00a9 Anna Pantelia\/MSF.<\/span><\/div>\n<\/p><\/div>\n<\/div>\n<\/div>\n<\/div>\n<\/blockquote>\n<p>Los <strong>horrores <\/strong>que experimentan las personas refugiadas, solicitantes de asilo y migrantes en Libia, ya sea antes de su intento de cruzar el Mediterr\u00e1neo central o despu\u00e9s de haber sido devueltas por la fuerza, a menudo son <strong>inimaginables<\/strong>. Bas\u00e1ndose en los testimonios de las personas rescatadas por nuestros equipos,\u00a0que han encontrado el coraje de compartir sus historias, hemos documentado el <strong>impacto brutal<\/strong> y los <strong>relatos desgarradores <\/strong>de la violencia infligida a miles de hombres, mujeres, ni\u00f1as y ni\u00f1os atrapados entre el mar y Libia.<\/p>\n<p>\u201cLa polic\u00eda, la guardia costera, el ej\u00e9rcito&#8230; nunca se preocupan por nosotros. Me pegaban mucho, te pegaban todos. Hasta que te desmayaras. Hasta que te derrumbaras. Tantos <strong>castigos severos<\/strong> en ese pa\u00eds [\u2026] \u00bfPor qu\u00e9 la Uni\u00f3n Europea apoya a esta gente? Dije &#8216;Dios, por favor ay\u00fadame&#8217;. Si Nigeria fuera seguro, no estar\u00eda en esta tierra. Entonces, cuando me estaba preparando para esta tercera vez (realizando el viaje), dije \u2018Dios, <strong>preferir\u00eda morir en el mar que regresar a los centros de detenci\u00f3n de Libia<\/strong>\u2019. Llor\u00e9, llor\u00e9. Entonces, por tercera vez, abord\u00e9 otro bote\u201d, cuenta un hombre de 25 a\u00f1os de Nigeria.<\/p>\n<p>Seg\u00fan los testimonios de las personas sobrevivientes recopilados a bordo, de los reportes de no menos de 620 eventos violentos compartidos con nuestra organizaci\u00f3n por los sobrevivientes rescatados, el 84% ocurrieron en Libia, y el 68 % de ellos supuestamente ocurri\u00f3 dentro del a\u00f1o anterior a su rescate. Un n\u00famero significativo de estos hechos ocurri\u00f3 despu\u00e9s de haber sido interceptados por la guardia costera libia y posteriormente encerrados en centros de detenci\u00f3n.<\/p>\n<p>Las personas sobrevivientes informaron que los <strong>perpetradores <\/strong>eran<strong> guardias en los centros de detenci\u00f3n <\/strong>(34%), la <strong>guardia costera libia <\/strong>(15%), la <strong>polic\u00eda militar o no estatal<\/strong> (11%) y <strong>contrabandistas\/traficantes<\/strong> (10%). Nuestros equipos tambi\u00e9n documentaron niveles significativos de violencia contra mujeres, ni\u00f1as y ni\u00f1os: <strong>el 29% eran menores<\/strong>, el m\u00e1s joven ten\u00eda 8 a\u00f1os y el 18% de las v\u00edctimas eran mujeres.<\/p>\n<blockquote class=\"blockquote-drupal\">\n<p>\u201cLas consecuencias de salud m\u00e1s prevalentes de los eventos violentos registrados estaban vinculadas a traumatismos cerrados, quemaduras, fracturas, lesiones en la cabeza, lesiones relacionadas con la violencia sexual, trastornos de salud mental. Otros incluyen discapacidad f\u00edsica a largo plazo, embarazos, desnutrici\u00f3n y dolor cr\u00f3nico,\u201d explica Stephanie Hofstetter, l\u00edder de nuestro equipo m\u00e9dico a bordo del Geo Barents.<\/p>\n<div class=\"media-p\">\n<div class=\"media media-element-container media-wysiwyg\">\n<div id=\"file-58159\" class=\"file file-image file-image-jpeg\">\n<div class=\"content\">\n    <img loading=\"lazy\" decoding=\"async\" alt=\"Rescate del Geo Barents del 9 de mayo de 2022\" title=\"Rescate del Geo Barents del 9 de mayo de 2022\" class=\"media-element file-wysiwyg\" data-delta=\"2\" typeof=\"foaf:Image\" src=\"https:\/\/pezgordon.com\/msf_dev\/wp-content\/uploads\/2022\/11\/msb124916_rescate_geo_barents_9_de_mayo_2022.jpg?itok=jm4epl4f\" width=\"735\" height=\"490\" \/><\/p>\n<div class=\"content-image__copyright\"><span class=\"image__caption\">Durante la ma\u00f1ana del 9 de mayo de 2022, el Geo Barents rescat\u00f3 aproximadamente a 200 personas de dos botes en peligro.<\/span><span class=\"image__copyright\"> \u00a9 Anna Pantelia\/MSF.<\/span><\/div>\n<\/p><\/div>\n<\/div>\n<\/div>\n<\/div>\n<\/blockquote>\n<p>Desde el comienzo de las operaciones de b\u00fasqueda y rescate del Geo Barents en junio de 2021, tambi\u00e9n hemos seguido presenciando la <strong>normalizaci\u00f3n de los enfrentamientos en el mar <\/strong>y la angustia que crea esta pr\u00e1ctica. Nuestras solicitudes por lugares seguros para desembarcar a los sobrevivientes han sido <strong>negadas<\/strong> <strong>o ignoradas sistem\u00e1ticamente por las autoridades maltesas<\/strong>; mientras que l<strong>as peticiones a las autoridades italianas se han retrasado cada vez m\u00e1s<\/strong>. Los enfrentamientos en el mar no solo impiden el acceso r\u00e1pido a una evaluaci\u00f3n completa de las necesidades m\u00e9dicas y de protecci\u00f3n, sino que tambi\u00e9n prolongan el sufrimiento de las personas sobrevivientes.<\/p>\n<p>No solo es necesario, tambi\u00e9n <strong>es posible cambiar esta mort\u00edfera pol\u00edtica migratoria<\/strong>. Europa ha demostrado en el contexto de la crisis en Ucrania que puede aplicar un enfoque humano a la migraci\u00f3n forzada. <strong>La protecci\u00f3n de la vida de todas las personas debe aplicarse independientemente de la raza, el g\u00e9nero, el pa\u00eds de origen, las creencias pol\u00edticas o religiosas, y debe darse un trato igualitario, con respecto a sus derechos y dignidad, a quienes buscan seguridad en las puertas de Europa.<\/strong><\/p>\n<p>Para obtener m\u00e1s informaci\u00f3n, accede a nuestro informe completo (en ingl\u00e9s) <a href=\"https:\/\/www.msf.org.ar\/sites\/default\/files\/jul_22_msf_sar_report_final.pdf\">Un a\u00f1o del Geo Barents en el mar<\/a>.<\/p>\n","protected":false},"excerpt":{"rendered":"<p>Se cumple un a\u00f1o desde que comenzaron las operaciones de b\u00fasqueda y rescate en el Mediterr\u00e1neo Central de nuestro buque Geo Barents, cuyo equipo a bordo rescat\u00f3 a 3.138 personas y realiz\u00f3 6.536 consultas m\u00e9dicas antes de desembarcar en un lugar seguro en Europa.<\/p>\n","protected":false},"author":1,"featured_media":316,"comment_status":"open","ping_status":"open","sticky":false,"template":"","format":"standard","meta":{"_acf_changed":false,"footnotes":""},"categories":[1],"tags":[190,191,5,192],"paises":[76,85,92],"class_list":["post-315","post","type-post","status-publish","format-standard","has-post-thumbnail","hentry","category-sin-categoria","tag-centros-de-detencion-en-libia","tag-crisis-mediterraneo","tag-desplazamientos-y-migraciones","tag-union-europea","paises-italia","paises-libia","paises-malta"],"acf":[],"yoast_head":"<!-- This site is optimized with the Yoast SEO plugin v23.0 - https:\/\/yoast.com\/wordpress\/plugins\/seo\/ -->\n<title>Un a\u00f1o del Geo Barents en el mar - M\u00e9dicos Sin Fronteras Colombia | Ayuda m\u00e9dico-humanitaria<\/title>\n<meta name=\"robots\" content=\"noindex, follow, max-snippet:-1, max-image-preview:large, max-video-preview:-1\" \/>\n<meta property=\"og:locale\" content=\"es_ES\" \/>\n<meta property=\"og:type\" content=\"article\" \/>\n<meta property=\"og:title\" content=\"Un a\u00f1o del Geo Barents en el mar - M\u00e9dicos Sin Fronteras Colombia | Ayuda m\u00e9dico-humanitaria\" \/>\n<meta property=\"og:description\" content=\"Se cumple un a\u00f1o desde que comenzaron las operaciones de b\u00fasqueda y rescate en el Mediterr\u00e1neo Central de nuestro buque Geo Barents, cuyo equipo a bordo rescat\u00f3 a 3.138 personas y realiz\u00f3 6.536 consultas m\u00e9dicas antes de desembarcar en un lugar seguro en Europa.\" \/>\n<meta property=\"og:url\" content=\"https:\/\/pezgordon.com\/msf_dev\/actualidad\/un-ano-del-geo-barents-en-el-mar\/\" \/>\n<meta property=\"og:site_name\" content=\"M\u00e9dicos Sin Fronteras Colombia | Ayuda m\u00e9dico-humanitaria\" \/>\n<meta property=\"article:publisher\" content=\"https:\/\/www.facebook.com\/medicossinfronteras.ong\" \/>\n<meta property=\"article:published_time\" content=\"2022-07-09T16:51:49+00:00\" \/>\n<meta property=\"og:image\" content=\"https:\/\/pezgordon.com\/msf_dev\/wp-content\/uploads\/2022\/11\/msb82665_rescate_geo_barents_11_de_junio_2022.jpg\" \/>\n\t<meta property=\"og:image:width\" content=\"1000\" \/>\n\t<meta property=\"og:image:height\" content=\"750\" \/>\n\t<meta property=\"og:image:type\" content=\"image\/jpeg\" \/>\n<meta name=\"author\" content=\"dev_ops\" \/>\n<meta name=\"twitter:card\" content=\"summary_large_image\" \/>\n<meta name=\"twitter:creator\" content=\"@MSF_Colombia\" \/>\n<meta name=\"twitter:site\" content=\"@MSF_Colombia\" \/>\n<script type=\"application\/ld+json\" class=\"yoast-schema-graph\">{\"@context\":\"https:\/\/schema.org\",\"@graph\":[{\"@type\":\"Article\",\"@id\":\"https:\/\/pezgordon.com\/msf_dev\/actualidad\/un-ano-del-geo-barents-en-el-mar\/#article\",\"isPartOf\":{\"@id\":\"https:\/\/pezgordon.com\/msf_dev\/actualidad\/un-ano-del-geo-barents-en-el-mar\/\"},\"author\":{\"name\":\"dev_ops\",\"@id\":\"https:\/\/pezgordon.com\/msf_dev\/#\/schema\/person\/054d70cc916aae3c9caa0dac8cbc71c6\"},\"headline\":\"Un a\u00f1o del Geo Barents en el mar\",\"datePublished\":\"2022-07-09T16:51:49+00:00\",\"dateModified\":\"2022-07-09T16:51:49+00:00\",\"mainEntityOfPage\":{\"@id\":\"https:\/\/pezgordon.com\/msf_dev\/actualidad\/un-ano-del-geo-barents-en-el-mar\/\"},\"wordCount\":889,\"commentCount\":0,\"publisher\":{\"@id\":\"https:\/\/pezgordon.com\/msf_dev\/#organization\"},\"image\":{\"@id\":\"https:\/\/pezgordon.com\/msf_dev\/actualidad\/un-ano-del-geo-barents-en-el-mar\/#primaryimage\"},\"thumbnailUrl\":\"https:\/\/pezgordon.com\/msf_dev\/wp-content\/uploads\/2022\/11\/msb82665_rescate_geo_barents_11_de_junio_2022.jpg\",\"keywords\":[\"Centros de detenci\u00f3n en Libia\",\"Crisis en el Mediterr\u00e1neo\",\"Desplazamientos y migraciones\",\"Uni\u00f3n Europea\"],\"inLanguage\":\"es\",\"potentialAction\":[{\"@type\":\"CommentAction\",\"name\":\"Comment\",\"target\":[\"https:\/\/pezgordon.com\/msf_dev\/actualidad\/un-ano-del-geo-barents-en-el-mar\/#respond\"]}]},{\"@type\":\"WebPage\",\"@id\":\"https:\/\/pezgordon.com\/msf_dev\/actualidad\/un-ano-del-geo-barents-en-el-mar\/\",\"url\":\"https:\/\/pezgordon.com\/msf_dev\/actualidad\/un-ano-del-geo-barents-en-el-mar\/\",\"name\":\"Un a\u00f1o del Geo Barents en el mar - M\u00e9dicos Sin Fronteras Colombia | Ayuda m\u00e9dico-humanitaria\",\"isPartOf\":{\"@id\":\"https:\/\/pezgordon.com\/msf_dev\/#website\"},\"primaryImageOfPage\":{\"@id\":\"https:\/\/pezgordon.com\/msf_dev\/actualidad\/un-ano-del-geo-barents-en-el-mar\/#primaryimage\"},\"image\":{\"@id\":\"https:\/\/pezgordon.com\/msf_dev\/actualidad\/un-ano-del-geo-barents-en-el-mar\/#primaryimage\"},\"thumbnailUrl\":\"https:\/\/pezgordon.com\/msf_dev\/wp-content\/uploads\/2022\/11\/msb82665_rescate_geo_barents_11_de_junio_2022.jpg\",\"datePublished\":\"2022-07-09T16:51:49+00:00\",\"dateModified\":\"2022-07-09T16:51:49+00:00\",\"breadcrumb\":{\"@id\":\"https:\/\/pezgordon.com\/msf_dev\/actualidad\/un-ano-del-geo-barents-en-el-mar\/#breadcrumb\"},\"inLanguage\":\"es\",\"potentialAction\":[{\"@type\":\"ReadAction\",\"target\":[\"https:\/\/pezgordon.com\/msf_dev\/actualidad\/un-ano-del-geo-barents-en-el-mar\/\"]}]},{\"@type\":\"ImageObject\",\"inLanguage\":\"es\",\"@id\":\"https:\/\/pezgordon.com\/msf_dev\/actualidad\/un-ano-del-geo-barents-en-el-mar\/#primaryimage\",\"url\":\"https:\/\/pezgordon.com\/msf_dev\/wp-content\/uploads\/2022\/11\/msb82665_rescate_geo_barents_11_de_junio_2022.jpg\",\"contentUrl\":\"https:\/\/pezgordon.com\/msf_dev\/wp-content\/uploads\/2022\/11\/msb82665_rescate_geo_barents_11_de_junio_2022.jpg\",\"width\":1000,\"height\":750},{\"@type\":\"BreadcrumbList\",\"@id\":\"https:\/\/pezgordon.com\/msf_dev\/actualidad\/un-ano-del-geo-barents-en-el-mar\/#breadcrumb\",\"itemListElement\":[{\"@type\":\"ListItem\",\"position\":1,\"name\":\"Home\",\"item\":\"https:\/\/pezgordon.com\/msf_dev\/\"},{\"@type\":\"ListItem\",\"position\":2,\"name\":\"Un a\u00f1o del Geo Barents en el mar\"}]},{\"@type\":\"WebSite\",\"@id\":\"https:\/\/pezgordon.com\/msf_dev\/#website\",\"url\":\"https:\/\/pezgordon.com\/msf_dev\/\",\"name\":\"M\u00e9dicos Sin Fronteras Colombia | Ayuda m\u00e9dico-humanitaria\",\"description\":\"\",\"publisher\":{\"@id\":\"https:\/\/pezgordon.com\/msf_dev\/#organization\"},\"potentialAction\":[{\"@type\":\"SearchAction\",\"target\":{\"@type\":\"EntryPoint\",\"urlTemplate\":\"https:\/\/pezgordon.com\/msf_dev\/?s={search_term_string}\"},\"query-input\":\"required name=search_term_string\"}],\"inLanguage\":\"es\"},{\"@type\":\"Organization\",\"@id\":\"https:\/\/pezgordon.com\/msf_dev\/#organization\",\"name\":\"M\u00e9dicos Sin Fronteras Colombia\",\"alternateName\":\"MSF\",\"url\":\"https:\/\/pezgordon.com\/msf_dev\/\",\"logo\":{\"@type\":\"ImageObject\",\"inLanguage\":\"es\",\"@id\":\"https:\/\/pezgordon.com\/msf_dev\/#\/schema\/logo\/image\/\",\"url\":\"https:\/\/pezgordon.com\/msf_dev\/wp-content\/uploads\/2023\/05\/msf_organization.png\",\"contentUrl\":\"https:\/\/pezgordon.com\/msf_dev\/wp-content\/uploads\/2023\/05\/msf_organization.png\",\"width\":120,\"height\":120,\"caption\":\"M\u00e9dicos Sin Fronteras Colombia\"},\"image\":{\"@id\":\"https:\/\/pezgordon.com\/msf_dev\/#\/schema\/logo\/image\/\"},\"sameAs\":[\"https:\/\/www.facebook.com\/medicossinfronteras.ong\",\"https:\/\/x.com\/MSF_Colombia\",\"https:\/\/www.youtube.com\/user\/MedicosSinFronteras\",\"https:\/\/www.tiktok.com\/@medicossinfronteras\",\"https:\/\/www.instagram.com\/msf_sudamerica\",\"https:\/\/www.linkedin.com\/company\/msf-latam\/mycompany\/\"]},{\"@type\":\"Person\",\"@id\":\"https:\/\/pezgordon.com\/msf_dev\/#\/schema\/person\/054d70cc916aae3c9caa0dac8cbc71c6\",\"name\":\"dev_ops\",\"sameAs\":[\"http:\/\/localhost\/medicos\"]}]}<\/script>\n<!-- \/ Yoast SEO plugin. -->","yoast_head_json":{"title":"Un a\u00f1o del Geo Barents en el mar - M\u00e9dicos Sin Fronteras Colombia | Ayuda m\u00e9dico-humanitaria","robots":{"index":"noindex","follow":"follow","max-snippet":"max-snippet:-1","max-image-preview":"max-image-preview:large","max-video-preview":"max-video-preview:-1"},"og_locale":"es_ES","og_type":"article","og_title":"Un a\u00f1o del Geo Barents en el mar - M\u00e9dicos Sin Fronteras Colombia | Ayuda m\u00e9dico-humanitaria","og_description":"Se cumple un a\u00f1o desde que comenzaron las operaciones de b\u00fasqueda y rescate en el Mediterr\u00e1neo Central de nuestro buque Geo Barents, cuyo equipo a bordo rescat\u00f3 a 3.138 personas y realiz\u00f3 6.536 consultas m\u00e9dicas antes de desembarcar en un lugar seguro en Europa.","og_url":"https:\/\/pezgordon.com\/msf_dev\/actualidad\/un-ano-del-geo-barents-en-el-mar\/","og_site_name":"M\u00e9dicos Sin Fronteras Colombia | Ayuda m\u00e9dico-humanitaria","article_publisher":"https:\/\/www.facebook.com\/medicossinfronteras.ong","article_published_time":"2022-07-09T16:51:49+00:00","og_image":[{"width":1000,"height":750,"url":"https:\/\/pezgordon.com\/msf_dev\/wp-content\/uploads\/2022\/11\/msb82665_rescate_geo_barents_11_de_junio_2022.jpg","type":"image\/jpeg"}],"author":"dev_ops","twitter_card":"summary_large_image","twitter_creator":"@MSF_Colombia","twitter_site":"@MSF_Colombia","schema":{"@context":"https:\/\/schema.org","@graph":[{"@type":"Article","@id":"https:\/\/pezgordon.com\/msf_dev\/actualidad\/un-ano-del-geo-barents-en-el-mar\/#article","isPartOf":{"@id":"https:\/\/pezgordon.com\/msf_dev\/actualidad\/un-ano-del-geo-barents-en-el-mar\/"},"author":{"name":"dev_ops","@id":"https:\/\/pezgordon.com\/msf_dev\/#\/schema\/person\/054d70cc916aae3c9caa0dac8cbc71c6"},"headline":"Un a\u00f1o del Geo Barents en el mar","datePublished":"2022-07-09T16:51:49+00:00","dateModified":"2022-07-09T16:51:49+00:00","mainEntityOfPage":{"@id":"https:\/\/pezgordon.com\/msf_dev\/actualidad\/un-ano-del-geo-barents-en-el-mar\/"},"wordCount":889,"commentCount":0,"publisher":{"@id":"https:\/\/pezgordon.com\/msf_dev\/#organization"},"image":{"@id":"https:\/\/pezgordon.com\/msf_dev\/actualidad\/un-ano-del-geo-barents-en-el-mar\/#primaryimage"},"thumbnailUrl":"https:\/\/pezgordon.com\/msf_dev\/wp-content\/uploads\/2022\/11\/msb82665_rescate_geo_barents_11_de_junio_2022.jpg","keywords":["Centros de detenci\u00f3n en Libia","Crisis en el Mediterr\u00e1neo","Desplazamientos y migraciones","Uni\u00f3n Europea"],"inLanguage":"es","potentialAction":[{"@type":"CommentAction","name":"Comment","target":["https:\/\/pezgordon.com\/msf_dev\/actualidad\/un-ano-del-geo-barents-en-el-mar\/#respond"]}]},{"@type":"WebPage","@id":"https:\/\/pezgordon.com\/msf_dev\/actualidad\/un-ano-del-geo-barents-en-el-mar\/","url":"https:\/\/pezgordon.com\/msf_dev\/actualidad\/un-ano-del-geo-barents-en-el-mar\/","name":"Un a\u00f1o del Geo Barents en el mar - M\u00e9dicos Sin Fronteras Colombia | Ayuda m\u00e9dico-humanitaria","isPartOf":{"@id":"https:\/\/pezgordon.com\/msf_dev\/#website"},"primaryImageOfPage":{"@id":"https:\/\/pezgordon.com\/msf_dev\/actualidad\/un-ano-del-geo-barents-en-el-mar\/#primaryimage"},"image":{"@id":"https:\/\/pezgordon.com\/msf_dev\/actualidad\/un-ano-del-geo-barents-en-el-mar\/#primaryimage"},"thumbnailUrl":"https:\/\/pezgordon.com\/msf_dev\/wp-content\/uploads\/2022\/11\/msb82665_rescate_geo_barents_11_de_junio_2022.jpg","datePublished":"2022-07-09T16:51:49+00:00","dateModified":"2022-07-09T16:51:49+00:00","breadcrumb":{"@id":"https:\/\/pezgordon.com\/msf_dev\/actualidad\/un-ano-del-geo-barents-en-el-mar\/#breadcrumb"},"inLanguage":"es","potentialAction":[{"@type":"ReadAction","target":["https:\/\/pezgordon.com\/msf_dev\/actualidad\/un-ano-del-geo-barents-en-el-mar\/"]}]},{"@type":"ImageObject","inLanguage":"es","@id":"https:\/\/pezgordon.com\/msf_dev\/actualidad\/un-ano-del-geo-barents-en-el-mar\/#primaryimage","url":"https:\/\/pezgordon.com\/msf_dev\/wp-content\/uploads\/2022\/11\/msb82665_rescate_geo_barents_11_de_junio_2022.jpg","contentUrl":"https:\/\/pezgordon.com\/msf_dev\/wp-content\/uploads\/2022\/11\/msb82665_rescate_geo_barents_11_de_junio_2022.jpg","width":1000,"height":750},{"@type":"BreadcrumbList","@id":"https:\/\/pezgordon.com\/msf_dev\/actualidad\/un-ano-del-geo-barents-en-el-mar\/#breadcrumb","itemListElement":[{"@type":"ListItem","position":1,"name":"Home","item":"https:\/\/pezgordon.com\/msf_dev\/"},{"@type":"ListItem","position":2,"name":"Un a\u00f1o del Geo Barents en el mar"}]},{"@type":"WebSite","@id":"https:\/\/pezgordon.com\/msf_dev\/#website","url":"https:\/\/pezgordon.com\/msf_dev\/","name":"M\u00e9dicos Sin Fronteras Colombia | Ayuda m\u00e9dico-humanitaria","description":"","publisher":{"@id":"https:\/\/pezgordon.com\/msf_dev\/#organization"},"potentialAction":[{"@type":"SearchAction","target":{"@type":"EntryPoint","urlTemplate":"https:\/\/pezgordon.com\/msf_dev\/?s={search_term_string}"},"query-input":"required name=search_term_string"}],"inLanguage":"es"},{"@type":"Organization","@id":"https:\/\/pezgordon.com\/msf_dev\/#organization","name":"M\u00e9dicos Sin Fronteras Colombia","alternateName":"MSF","url":"https:\/\/pezgordon.com\/msf_dev\/","logo":{"@type":"ImageObject","inLanguage":"es","@id":"https:\/\/pezgordon.com\/msf_dev\/#\/schema\/logo\/image\/","url":"https:\/\/pezgordon.com\/msf_dev\/wp-content\/uploads\/2023\/05\/msf_organization.png","contentUrl":"https:\/\/pezgordon.com\/msf_dev\/wp-content\/uploads\/2023\/05\/msf_organization.png","width":120,"height":120,"caption":"M\u00e9dicos Sin Fronteras Colombia"},"image":{"@id":"https:\/\/pezgordon.com\/msf_dev\/#\/schema\/logo\/image\/"},"sameAs":["https:\/\/www.facebook.com\/medicossinfronteras.ong","https:\/\/x.com\/MSF_Colombia","https:\/\/www.youtube.com\/user\/MedicosSinFronteras","https:\/\/www.tiktok.com\/@medicossinfronteras","https:\/\/www.instagram.com\/msf_sudamerica","https:\/\/www.linkedin.com\/company\/msf-latam\/mycompany\/"]},{"@type":"Person","@id":"https:\/\/pezgordon.com\/msf_dev\/#\/schema\/person\/054d70cc916aae3c9caa0dac8cbc71c6","name":"dev_ops","sameAs":["http:\/\/localhost\/medicos"]}]}},"menu_order":0,"_links":{"self":[{"href":"https:\/\/pezgordon.com\/msf_dev\/wp-json\/wp\/v2\/posts\/315"}],"collection":[{"href":"https:\/\/pezgordon.com\/msf_dev\/wp-json\/wp\/v2\/posts"}],"about":[{"href":"https:\/\/pezgordon.com\/msf_dev\/wp-json\/wp\/v2\/types\/post"}],"author":[{"embeddable":true,"href":"https:\/\/pezgordon.com\/msf_dev\/wp-json\/wp\/v2\/users\/1"}],"replies":[{"embeddable":true,"href":"https:\/\/pezgordon.com\/msf_dev\/wp-json\/wp\/v2\/comments?post=315"}],"version-history":[{"count":0,"href":"https:\/\/pezgordon.com\/msf_dev\/wp-json\/wp\/v2\/posts\/315\/revisions"}],"wp:featuredmedia":[{"embeddable":true,"href":"https:\/\/pezgordon.com\/msf_dev\/wp-json\/wp\/v2\/media\/316"}],"wp:attachment":[{"href":"https:\/\/pezgordon.com\/msf_dev\/wp-json\/wp\/v2\/media?parent=315"}],"wp:term":[{"taxonomy":"category","embeddable":true,"href":"https:\/\/pezgordon.com\/msf_dev\/wp-json\/wp\/v2\/categories?post=315"},{"taxonomy":"post_tag","embeddable":true,"href":"https:\/\/pezgordon.com\/msf_dev\/wp-json\/wp\/v2\/tags?post=315"},{"taxonomy":"paises","embeddable":true,"href":"https:\/\/pezgordon.com\/msf_dev\/wp-json\/wp\/v2\/paises?post=315"}],"curies":[{"name":"wp","href":"https:\/\/api.w.org\/{rel}","templated":true}]}}