{"id":159,"date":"2021-04-14T14:38:00","date_gmt":"2021-04-14T17:38:00","guid":{"rendered":"http:\/\/192.168.0.41\/medicos\/?p=159"},"modified":"2022-06-03T14:46:37","modified_gmt":"2022-06-03T17:46:37","slug":"la-fallida-respuesta-del-covid-19-ha-llevado-a-brasil-a-una-emergencia-humanitaria","status":"publish","type":"post","link":"https:\/\/pezgordon.com\/msf_dev\/actualidad\/la-fallida-respuesta-del-covid-19-ha-llevado-a-brasil-a-una-emergencia-humanitaria\/","title":{"rendered":"La fallida respuesta del COVID-19 ha llevado a Brasil a una emergencia humanitaria"},"content":{"rendered":"\n<p>La falta de voluntad pol\u00edtica para proporcionar una respuesta adecuada est\u00e1 costando la vida a miles de brasile\u00f1os. Ha pasado m\u00e1s de un a\u00f1o desde el inicio de la pandemia de COVID-19 y en Brasil todav\u00eda no hay una respuesta de salud p\u00fablica a la emergencia que sea eficaz, que est\u00e9 centralizada y que se lleve a cabo de manera coordinada. Para que no sigan produci\u00e9ndose m\u00e1s muertes que ser\u00edan evitables, pedimos a las autoridades brasile\u00f1as que reconozcan urgentemente la gravedad de la crisis y que pongan en marcha un sistema central de coordinaci\u00f3n y respuesta frente al COVID-19.<\/p>\n\n\n\n<p>La semana pasada, Brasil registr\u00f3 el 11% de las nuevas infecciones por COVID-19 de todo el planeta, as\u00ed como el 26,2% de las muertes confirmadas por esta enfermedad. El 8 de abril se registraron 4.249 muertes por COVID-19 en el pa\u00eds en un periodo de tan solo 24 horas, as\u00ed como 86.652 nuevos contagios. Estas inaceptables cifras son una clara evidencia del fracaso de las autoridades para gestionar la crisis humanitaria y de salud p\u00fablica que atraviesa el pa\u00eds y para proteger del virus a las personas brasile\u00f1as, especialmente a las m\u00e1s vulnerables.<\/p>\n\n\n\n<p>\u201cLas medidas de salud p\u00fablica se han convertido en un campo de batalla pol\u00edtico en Brasil\u201d, afirma el Dr. Christos Christou, presidente internacional de M\u00e9dicos Sin Fronteras (MSF). \u00abComo resultado, las pol\u00edticas basadas en la ciencia son permanentemente entremezcladas con las opiniones pol\u00edticas, en lugar de estar centradas en la necesidad de proteger a las personas y a sus comunidades frente al COVID-19\u00bb.<\/p>\n\n\n\n<figure class=\"wp-block-image size-full\"><img loading=\"lazy\" decoding=\"async\" width=\"1000\" height=\"667\" src=\"https:\/\/pezgordon.com\/msf_dev\/wp-content\/uploads\/2022\/06\/MSB68153.jpg\" alt=\"\" class=\"wp-image-162\" srcset=\"https:\/\/pezgordon.com\/msf_dev\/wp-content\/uploads\/2022\/06\/MSB68153.jpg 1000w, https:\/\/pezgordon.com\/msf_dev\/wp-content\/uploads\/2022\/06\/MSB68153-700x467.jpg 700w, https:\/\/pezgordon.com\/msf_dev\/wp-content\/uploads\/2022\/06\/MSB68153-768x512.jpg 768w\" sizes=\"(max-width: 1000px) 100vw, 1000px\" \/><figcaption>Porto Velho, capital del estado de Rond\u00f4nia, Brasil. Abril de 2021 \u00a9 Diego Baravelli\/MSF<\/figcaption><\/figure>\n\n\n\n<p>\u201cEl Gobierno Federal de Brasil ha rechazado adoptar medidas integrales de salud p\u00fablica basadas en la evidencia, dejando la responsabilidad en manos del dedicado personal m\u00e9dico del pa\u00eds, que hace todo lo que puede para sacar adelante a las personas que se debaten entre la vida y la muerte en las atestadas unidades de cuidados intensivos y que se ven obligados a improvisar soluciones cuando ya no quedan camas disponibles\u201d, contin\u00faa el Dr. Christou. \u00abEsto ha puesto a Brasil en un estado de duelo permanente y ha llevado al colapso del sistema de salud del pa\u00eds\u00bb.<\/p>\n\n\n\n<p>\u201cLa respuesta al COVID-19 en Brasil debe comenzar en las comunidades, no en las unidades de cuidados intensivos (UCI)\u201d, sostiene Meinie Nicolai, nuestra directora general. \u201cNo se trata solamente de que lleguen suministros m\u00e9dicos como ox\u00edgeno, sedantes y EPP donde sea necesario. Tambi\u00e9n ha de promoverse e implementarse en la ciudadan\u00eda el uso de mascarilla, el distanciamiento f\u00edsico, medidas estrictas de higiene y la restricci\u00f3n de movimientos y actividades no esenciales en la comunidad, de acuerdo con la situaci\u00f3n epidemiol\u00f3gica que haya en cada lugar\u201d.<\/p>\n\n\n\n<p>\u201cLas pautas de tratamiento del COVID-19 deben ser actualizadas e incluir en ellas las \u00faltimas investigaciones m\u00e9dicas que se han llevado a cabo. Adem\u00e1s, de cara a facilitar tanto la atenci\u00f3n al paciente como el control de los brotes, las pruebas r\u00e1pidas de ant\u00edgenos deben estar ampliamente disponibles en todo momento\u201d, afirma Nicolai.<\/p>\n\n\n\n<figure class=\"wp-block-image size-full\"><img loading=\"lazy\" decoding=\"async\" width=\"1000\" height=\"667\" src=\"https:\/\/pezgordon.com\/msf_dev\/wp-content\/uploads\/2022\/06\/MSB68154.jpg\" alt=\"\" class=\"wp-image-163\" srcset=\"https:\/\/pezgordon.com\/msf_dev\/wp-content\/uploads\/2022\/06\/MSB68154.jpg 1000w, https:\/\/pezgordon.com\/msf_dev\/wp-content\/uploads\/2022\/06\/MSB68154-700x467.jpg 700w, https:\/\/pezgordon.com\/msf_dev\/wp-content\/uploads\/2022\/06\/MSB68154-768x512.jpg 768w\" sizes=\"(max-width: 1000px) 100vw, 1000px\" \/><figcaption>Porto Velho, capital del estado de Rond\u00f4nia, Brasil. Abril de 2021 \u00a9 Diego Baravelli\/MSF<\/figcaption><\/figure>\n\n\n\n<p>La semana pasada, las UCI estaban colapsadas en 21 de las 27 capitales de Brasil. En los hospitales de todo el pa\u00eds existe una constante escasez de ox\u00edgeno, elemento completamente necesario para tratar a los pacientes que est\u00e1n graves o cr\u00edticamente enfermos, as\u00ed como de sedantes, que resultan necesarios para intubar a los pacientes que se encuentran en estado cr\u00edtico. Como resultado, nuestros equipos han visto morir a pacientes que habr\u00edan tenido la posibilidad de sobrevivir si hubieran recibido la atenci\u00f3n m\u00e9dica adecuada.<\/p>\n\n\n\n<p>\u201cLa devastaci\u00f3n que los equipos de MSF presenciaron por primera vez en la regi\u00f3n de Amazonas se ha convertido a d\u00eda de hoy en una realidad en la mayor parte de Brasil\u201d, dice Pierre Van Heddegem, quien ha sido nuestro coordinador de Emergencias para la respuesta al COVID-19 en Brasil hasta hace unos d\u00edas. \u201cLa falta de planificaci\u00f3n y coordinaci\u00f3n entre las autoridades federales de salud y sus contrapartes estatales y municipales est\u00e1 teniendo consecuencias letales, de vida o muerte\u201d.<\/p>\n\n\n\n<p>\u201cNo solo los pacientes mueren sin acceso a la atenci\u00f3n m\u00e9dica, sino que el personal m\u00e9dico est\u00e1 exhausto y sufre un trauma psicol\u00f3gico y emocional severo debido a las condiciones en las que tienen que llevar a cabo su trabajo\u201d, detalla Van Heddegem.<\/p>\n\n\n\n<p>Otra limitaci\u00f3n es la escasez de profesionales sanitarios locales. Y a pesar de ello, el personal de salud extranjero, e incluso los brasile\u00f1os que cuentan con certificaciones extranjeras, no pueden trabajar en Brasil.<\/p>\n\n\n\n<figure class=\"wp-block-image size-full\"><img loading=\"lazy\" decoding=\"async\" width=\"1000\" height=\"664\" src=\"https:\/\/pezgordon.com\/msf_dev\/wp-content\/uploads\/2022\/06\/MSB68156.jpg\" alt=\"\" class=\"wp-image-164\" srcset=\"https:\/\/pezgordon.com\/msf_dev\/wp-content\/uploads\/2022\/06\/MSB68156.jpg 1000w, https:\/\/pezgordon.com\/msf_dev\/wp-content\/uploads\/2022\/06\/MSB68156-700x465.jpg 700w, https:\/\/pezgordon.com\/msf_dev\/wp-content\/uploads\/2022\/06\/MSB68156-768x510.jpg 768w\" sizes=\"(max-width: 1000px) 100vw, 1000px\" \/><figcaption>Porto Velho, capital del estado de Rond\u00f4nia, Brasil. Abril de 2021 \u00a9 Diego Baravelli\/MSF<\/figcaption><\/figure>\n\n\n\n<p>Adem\u00e1s, la abrumadora cantidad de desinformaci\u00f3n que circula en las comunidades de todo el pa\u00eds alimenta a\u00fan m\u00e1s el grado de extensi\u00f3n de la enfermedad y, con ello, el n\u00famero de muertes en Brasil. Se evita y se politiza el uso de las mascarillas, la distancia f\u00edsica y la restricci\u00f3n de movimientos y de actividades no esenciales. Adem\u00e1s, los pol\u00edticos promocionan la hidroxicloroquina (un medicamento contra la malaria) y la ivermectina (un medicamento antiparasitario) como la panacea para luchar contra el COVID-19 y los m\u00e9dicos las est\u00e1n recetando como profilaxis y tratamiento del nuevo coronavirus.<\/p>\n\n\n\n<p>A esta preocupante situaci\u00f3n en Brasil -un pa\u00eds que vacun\u00f3 en 2009 a 92 millones de personas contra el H1N1 (gripe porcina) en tan solo tres meses- se suma una campa\u00f1a de vacunaci\u00f3n contra el COVID-19 que avanza a la mitad de su velocidad. Hasta ahora, alrededor del 11% de las personas ha recibido al menos una dosis. Esto significa que millones de vidas en Brasil, e incluso m\u00e1s all\u00e1 de sus fronteras, est\u00e1n en riesgo por las m\u00e1s de 90 variantes del virus que circulan actualmente en el pa\u00eds, as\u00ed como por las nuevas variantes que puedan surgir.<\/p>\n\n\n\n<p>\u201cLas autoridades brasile\u00f1as han visto c\u00f3mo se ha producido durante el \u00faltimo a\u00f1o una propagaci\u00f3n absoluta del COVID-19\u201d, dice el Dr. Christou, presidente internacional de MSF. \u201cSu negativa a adoptar las medidas de salud p\u00fablica basadas en la evidencia han causado demasiadas muertes prematuras y evitables. La respuesta en Brasil debe reiniciarse de forma urgente, bas\u00e1ndose en la ciencia y de forma coordinada, para as\u00ed evitar m\u00e1s muertes y la destrucci\u00f3n del antes prestigioso sistema de salud brasile\u00f1o\u201d.<\/p>\n","protected":false},"excerpt":{"rendered":"<p>La situaci\u00f3n dram\u00e1tica que presenciamos en la regi\u00f3n del Amazonas es hoy en una realidad en la mayor parte de Brasil. Las autoridades brasile\u00f1as deben poner en marcha urgentemente un sistema central y basado en la ciencia de coordinaci\u00f3n y respuesta frente al COVID-19.<\/p>\n","protected":false},"author":1,"featured_media":161,"comment_status":"open","ping_status":"open","sticky":false,"template":"","format":"standard","meta":{"_acf_changed":false,"footnotes":""},"categories":[1],"tags":[157,161,178,8,165],"paises":[27],"class_list":["post-159","post","type-post","status-publish","format-standard","has-post-thumbnail","hentry","category-sin-categoria","tag-acceso-a-la-salud","tag-covid-19","tag-promocion-de-la-salud","tag-salud-mental","tag-vacunacion","paises-brasil"],"acf":[],"yoast_head":"<!-- This site is optimized with the Yoast SEO plugin v23.0 - https:\/\/yoast.com\/wordpress\/plugins\/seo\/ -->\n<title>La fallida respuesta del COVID-19 ha llevado a Brasil a una emergencia humanitaria - M\u00e9dicos Sin Fronteras Colombia | Ayuda m\u00e9dico-humanitaria<\/title>\n<meta name=\"robots\" content=\"noindex, follow, max-snippet:-1, max-image-preview:large, max-video-preview:-1\" \/>\n<meta property=\"og:locale\" content=\"es_ES\" \/>\n<meta property=\"og:type\" content=\"article\" \/>\n<meta property=\"og:title\" content=\"La fallida respuesta del COVID-19 ha llevado a Brasil a una emergencia humanitaria - M\u00e9dicos Sin Fronteras Colombia | Ayuda m\u00e9dico-humanitaria\" \/>\n<meta property=\"og:description\" content=\"La situaci\u00f3n dram\u00e1tica que presenciamos en la regi\u00f3n del Amazonas es hoy en una realidad en la mayor parte de Brasil. Las autoridades brasile\u00f1as deben poner en marcha urgentemente un sistema central y basado en la ciencia de coordinaci\u00f3n y respuesta frente al COVID-19.\" \/>\n<meta property=\"og:url\" content=\"https:\/\/pezgordon.com\/msf_dev\/actualidad\/la-fallida-respuesta-del-covid-19-ha-llevado-a-brasil-a-una-emergencia-humanitaria\/\" \/>\n<meta property=\"og:site_name\" content=\"M\u00e9dicos Sin Fronteras Colombia | Ayuda m\u00e9dico-humanitaria\" \/>\n<meta property=\"article:publisher\" content=\"https:\/\/www.facebook.com\/medicossinfronteras.ong\" \/>\n<meta property=\"article:published_time\" content=\"2021-04-14T17:38:00+00:00\" \/>\n<meta property=\"article:modified_time\" content=\"2022-06-03T17:46:37+00:00\" \/>\n<meta property=\"og:image\" content=\"https:\/\/pezgordon.com\/msf_dev\/wp-content\/uploads\/2022\/06\/MSB68151.jpg\" \/>\n\t<meta property=\"og:image:width\" content=\"1280\" \/>\n\t<meta property=\"og:image:height\" content=\"800\" \/>\n\t<meta property=\"og:image:type\" content=\"image\/jpeg\" \/>\n<meta name=\"author\" content=\"dev_ops\" \/>\n<meta name=\"twitter:card\" content=\"summary_large_image\" \/>\n<meta name=\"twitter:creator\" content=\"@MSF_Colombia\" \/>\n<meta name=\"twitter:site\" content=\"@MSF_Colombia\" \/>\n<script type=\"application\/ld+json\" class=\"yoast-schema-graph\">{\"@context\":\"https:\/\/schema.org\",\"@graph\":[{\"@type\":\"Article\",\"@id\":\"https:\/\/pezgordon.com\/msf_dev\/actualidad\/la-fallida-respuesta-del-covid-19-ha-llevado-a-brasil-a-una-emergencia-humanitaria\/#article\",\"isPartOf\":{\"@id\":\"https:\/\/pezgordon.com\/msf_dev\/actualidad\/la-fallida-respuesta-del-covid-19-ha-llevado-a-brasil-a-una-emergencia-humanitaria\/\"},\"author\":{\"name\":\"dev_ops\",\"@id\":\"https:\/\/pezgordon.com\/msf_dev\/#\/schema\/person\/054d70cc916aae3c9caa0dac8cbc71c6\"},\"headline\":\"La fallida respuesta del COVID-19 ha llevado a Brasil a una emergencia humanitaria\",\"datePublished\":\"2021-04-14T17:38:00+00:00\",\"dateModified\":\"2022-06-03T17:46:37+00:00\",\"mainEntityOfPage\":{\"@id\":\"https:\/\/pezgordon.com\/msf_dev\/actualidad\/la-fallida-respuesta-del-covid-19-ha-llevado-a-brasil-a-una-emergencia-humanitaria\/\"},\"wordCount\":1133,\"commentCount\":0,\"publisher\":{\"@id\":\"https:\/\/pezgordon.com\/msf_dev\/#organization\"},\"image\":{\"@id\":\"https:\/\/pezgordon.com\/msf_dev\/actualidad\/la-fallida-respuesta-del-covid-19-ha-llevado-a-brasil-a-una-emergencia-humanitaria\/#primaryimage\"},\"thumbnailUrl\":\"https:\/\/pezgordon.com\/msf_dev\/wp-content\/uploads\/2022\/06\/MSB68151.jpg\",\"keywords\":[\"Acceso a la salud\",\"Covid-19\",\"Promoci\u00f3n de la salud\",\"Salud mental\",\"Vacunaci\u00f3n\"],\"inLanguage\":\"es\",\"potentialAction\":[{\"@type\":\"CommentAction\",\"name\":\"Comment\",\"target\":[\"https:\/\/pezgordon.com\/msf_dev\/actualidad\/la-fallida-respuesta-del-covid-19-ha-llevado-a-brasil-a-una-emergencia-humanitaria\/#respond\"]}]},{\"@type\":\"WebPage\",\"@id\":\"https:\/\/pezgordon.com\/msf_dev\/actualidad\/la-fallida-respuesta-del-covid-19-ha-llevado-a-brasil-a-una-emergencia-humanitaria\/\",\"url\":\"https:\/\/pezgordon.com\/msf_dev\/actualidad\/la-fallida-respuesta-del-covid-19-ha-llevado-a-brasil-a-una-emergencia-humanitaria\/\",\"name\":\"La fallida respuesta del COVID-19 ha llevado a Brasil a una emergencia humanitaria - M\u00e9dicos Sin Fronteras Colombia | Ayuda m\u00e9dico-humanitaria\",\"isPartOf\":{\"@id\":\"https:\/\/pezgordon.com\/msf_dev\/#website\"},\"primaryImageOfPage\":{\"@id\":\"https:\/\/pezgordon.com\/msf_dev\/actualidad\/la-fallida-respuesta-del-covid-19-ha-llevado-a-brasil-a-una-emergencia-humanitaria\/#primaryimage\"},\"image\":{\"@id\":\"https:\/\/pezgordon.com\/msf_dev\/actualidad\/la-fallida-respuesta-del-covid-19-ha-llevado-a-brasil-a-una-emergencia-humanitaria\/#primaryimage\"},\"thumbnailUrl\":\"https:\/\/pezgordon.com\/msf_dev\/wp-content\/uploads\/2022\/06\/MSB68151.jpg\",\"datePublished\":\"2021-04-14T17:38:00+00:00\",\"dateModified\":\"2022-06-03T17:46:37+00:00\",\"breadcrumb\":{\"@id\":\"https:\/\/pezgordon.com\/msf_dev\/actualidad\/la-fallida-respuesta-del-covid-19-ha-llevado-a-brasil-a-una-emergencia-humanitaria\/#breadcrumb\"},\"inLanguage\":\"es\",\"potentialAction\":[{\"@type\":\"ReadAction\",\"target\":[\"https:\/\/pezgordon.com\/msf_dev\/actualidad\/la-fallida-respuesta-del-covid-19-ha-llevado-a-brasil-a-una-emergencia-humanitaria\/\"]}]},{\"@type\":\"ImageObject\",\"inLanguage\":\"es\",\"@id\":\"https:\/\/pezgordon.com\/msf_dev\/actualidad\/la-fallida-respuesta-del-covid-19-ha-llevado-a-brasil-a-una-emergencia-humanitaria\/#primaryimage\",\"url\":\"https:\/\/pezgordon.com\/msf_dev\/wp-content\/uploads\/2022\/06\/MSB68151.jpg\",\"contentUrl\":\"https:\/\/pezgordon.com\/msf_dev\/wp-content\/uploads\/2022\/06\/MSB68151.jpg\",\"width\":1280,\"height\":800},{\"@type\":\"BreadcrumbList\",\"@id\":\"https:\/\/pezgordon.com\/msf_dev\/actualidad\/la-fallida-respuesta-del-covid-19-ha-llevado-a-brasil-a-una-emergencia-humanitaria\/#breadcrumb\",\"itemListElement\":[{\"@type\":\"ListItem\",\"position\":1,\"name\":\"Home\",\"item\":\"https:\/\/pezgordon.com\/msf_dev\/\"},{\"@type\":\"ListItem\",\"position\":2,\"name\":\"La fallida respuesta del COVID-19 ha llevado a Brasil a una emergencia humanitaria\"}]},{\"@type\":\"WebSite\",\"@id\":\"https:\/\/pezgordon.com\/msf_dev\/#website\",\"url\":\"https:\/\/pezgordon.com\/msf_dev\/\",\"name\":\"M\u00e9dicos Sin Fronteras Colombia | Ayuda m\u00e9dico-humanitaria\",\"description\":\"\",\"publisher\":{\"@id\":\"https:\/\/pezgordon.com\/msf_dev\/#organization\"},\"potentialAction\":[{\"@type\":\"SearchAction\",\"target\":{\"@type\":\"EntryPoint\",\"urlTemplate\":\"https:\/\/pezgordon.com\/msf_dev\/?s={search_term_string}\"},\"query-input\":\"required name=search_term_string\"}],\"inLanguage\":\"es\"},{\"@type\":\"Organization\",\"@id\":\"https:\/\/pezgordon.com\/msf_dev\/#organization\",\"name\":\"M\u00e9dicos Sin Fronteras Colombia\",\"alternateName\":\"MSF\",\"url\":\"https:\/\/pezgordon.com\/msf_dev\/\",\"logo\":{\"@type\":\"ImageObject\",\"inLanguage\":\"es\",\"@id\":\"https:\/\/pezgordon.com\/msf_dev\/#\/schema\/logo\/image\/\",\"url\":\"https:\/\/pezgordon.com\/msf_dev\/wp-content\/uploads\/2023\/05\/msf_organization.png\",\"contentUrl\":\"https:\/\/pezgordon.com\/msf_dev\/wp-content\/uploads\/2023\/05\/msf_organization.png\",\"width\":120,\"height\":120,\"caption\":\"M\u00e9dicos Sin Fronteras Colombia\"},\"image\":{\"@id\":\"https:\/\/pezgordon.com\/msf_dev\/#\/schema\/logo\/image\/\"},\"sameAs\":[\"https:\/\/www.facebook.com\/medicossinfronteras.ong\",\"https:\/\/x.com\/MSF_Colombia\",\"https:\/\/www.youtube.com\/user\/MedicosSinFronteras\",\"https:\/\/www.tiktok.com\/@medicossinfronteras\",\"https:\/\/www.instagram.com\/msf_sudamerica\",\"https:\/\/www.linkedin.com\/company\/msf-latam\/mycompany\/\"]},{\"@type\":\"Person\",\"@id\":\"https:\/\/pezgordon.com\/msf_dev\/#\/schema\/person\/054d70cc916aae3c9caa0dac8cbc71c6\",\"name\":\"dev_ops\",\"sameAs\":[\"http:\/\/localhost\/medicos\"]}]}<\/script>\n<!-- \/ Yoast SEO plugin. -->","yoast_head_json":{"title":"La fallida respuesta del COVID-19 ha llevado a Brasil a una emergencia humanitaria - M\u00e9dicos Sin Fronteras Colombia | Ayuda m\u00e9dico-humanitaria","robots":{"index":"noindex","follow":"follow","max-snippet":"max-snippet:-1","max-image-preview":"max-image-preview:large","max-video-preview":"max-video-preview:-1"},"og_locale":"es_ES","og_type":"article","og_title":"La fallida respuesta del COVID-19 ha llevado a Brasil a una emergencia humanitaria - M\u00e9dicos Sin Fronteras Colombia | Ayuda m\u00e9dico-humanitaria","og_description":"La situaci\u00f3n dram\u00e1tica que presenciamos en la regi\u00f3n del Amazonas es hoy en una realidad en la mayor parte de Brasil. Las autoridades brasile\u00f1as deben poner en marcha urgentemente un sistema central y basado en la ciencia de coordinaci\u00f3n y respuesta frente al COVID-19.","og_url":"https:\/\/pezgordon.com\/msf_dev\/actualidad\/la-fallida-respuesta-del-covid-19-ha-llevado-a-brasil-a-una-emergencia-humanitaria\/","og_site_name":"M\u00e9dicos Sin Fronteras Colombia | Ayuda m\u00e9dico-humanitaria","article_publisher":"https:\/\/www.facebook.com\/medicossinfronteras.ong","article_published_time":"2021-04-14T17:38:00+00:00","article_modified_time":"2022-06-03T17:46:37+00:00","og_image":[{"width":1280,"height":800,"url":"https:\/\/pezgordon.com\/msf_dev\/wp-content\/uploads\/2022\/06\/MSB68151.jpg","type":"image\/jpeg"}],"author":"dev_ops","twitter_card":"summary_large_image","twitter_creator":"@MSF_Colombia","twitter_site":"@MSF_Colombia","schema":{"@context":"https:\/\/schema.org","@graph":[{"@type":"Article","@id":"https:\/\/pezgordon.com\/msf_dev\/actualidad\/la-fallida-respuesta-del-covid-19-ha-llevado-a-brasil-a-una-emergencia-humanitaria\/#article","isPartOf":{"@id":"https:\/\/pezgordon.com\/msf_dev\/actualidad\/la-fallida-respuesta-del-covid-19-ha-llevado-a-brasil-a-una-emergencia-humanitaria\/"},"author":{"name":"dev_ops","@id":"https:\/\/pezgordon.com\/msf_dev\/#\/schema\/person\/054d70cc916aae3c9caa0dac8cbc71c6"},"headline":"La fallida respuesta del COVID-19 ha llevado a Brasil a una emergencia humanitaria","datePublished":"2021-04-14T17:38:00+00:00","dateModified":"2022-06-03T17:46:37+00:00","mainEntityOfPage":{"@id":"https:\/\/pezgordon.com\/msf_dev\/actualidad\/la-fallida-respuesta-del-covid-19-ha-llevado-a-brasil-a-una-emergencia-humanitaria\/"},"wordCount":1133,"commentCount":0,"publisher":{"@id":"https:\/\/pezgordon.com\/msf_dev\/#organization"},"image":{"@id":"https:\/\/pezgordon.com\/msf_dev\/actualidad\/la-fallida-respuesta-del-covid-19-ha-llevado-a-brasil-a-una-emergencia-humanitaria\/#primaryimage"},"thumbnailUrl":"https:\/\/pezgordon.com\/msf_dev\/wp-content\/uploads\/2022\/06\/MSB68151.jpg","keywords":["Acceso a la salud","Covid-19","Promoci\u00f3n de la salud","Salud mental","Vacunaci\u00f3n"],"inLanguage":"es","potentialAction":[{"@type":"CommentAction","name":"Comment","target":["https:\/\/pezgordon.com\/msf_dev\/actualidad\/la-fallida-respuesta-del-covid-19-ha-llevado-a-brasil-a-una-emergencia-humanitaria\/#respond"]}]},{"@type":"WebPage","@id":"https:\/\/pezgordon.com\/msf_dev\/actualidad\/la-fallida-respuesta-del-covid-19-ha-llevado-a-brasil-a-una-emergencia-humanitaria\/","url":"https:\/\/pezgordon.com\/msf_dev\/actualidad\/la-fallida-respuesta-del-covid-19-ha-llevado-a-brasil-a-una-emergencia-humanitaria\/","name":"La fallida respuesta del COVID-19 ha llevado a Brasil a una emergencia humanitaria - M\u00e9dicos Sin Fronteras Colombia | Ayuda m\u00e9dico-humanitaria","isPartOf":{"@id":"https:\/\/pezgordon.com\/msf_dev\/#website"},"primaryImageOfPage":{"@id":"https:\/\/pezgordon.com\/msf_dev\/actualidad\/la-fallida-respuesta-del-covid-19-ha-llevado-a-brasil-a-una-emergencia-humanitaria\/#primaryimage"},"image":{"@id":"https:\/\/pezgordon.com\/msf_dev\/actualidad\/la-fallida-respuesta-del-covid-19-ha-llevado-a-brasil-a-una-emergencia-humanitaria\/#primaryimage"},"thumbnailUrl":"https:\/\/pezgordon.com\/msf_dev\/wp-content\/uploads\/2022\/06\/MSB68151.jpg","datePublished":"2021-04-14T17:38:00+00:00","dateModified":"2022-06-03T17:46:37+00:00","breadcrumb":{"@id":"https:\/\/pezgordon.com\/msf_dev\/actualidad\/la-fallida-respuesta-del-covid-19-ha-llevado-a-brasil-a-una-emergencia-humanitaria\/#breadcrumb"},"inLanguage":"es","potentialAction":[{"@type":"ReadAction","target":["https:\/\/pezgordon.com\/msf_dev\/actualidad\/la-fallida-respuesta-del-covid-19-ha-llevado-a-brasil-a-una-emergencia-humanitaria\/"]}]},{"@type":"ImageObject","inLanguage":"es","@id":"https:\/\/pezgordon.com\/msf_dev\/actualidad\/la-fallida-respuesta-del-covid-19-ha-llevado-a-brasil-a-una-emergencia-humanitaria\/#primaryimage","url":"https:\/\/pezgordon.com\/msf_dev\/wp-content\/uploads\/2022\/06\/MSB68151.jpg","contentUrl":"https:\/\/pezgordon.com\/msf_dev\/wp-content\/uploads\/2022\/06\/MSB68151.jpg","width":1280,"height":800},{"@type":"BreadcrumbList","@id":"https:\/\/pezgordon.com\/msf_dev\/actualidad\/la-fallida-respuesta-del-covid-19-ha-llevado-a-brasil-a-una-emergencia-humanitaria\/#breadcrumb","itemListElement":[{"@type":"ListItem","position":1,"name":"Home","item":"https:\/\/pezgordon.com\/msf_dev\/"},{"@type":"ListItem","position":2,"name":"La fallida respuesta del COVID-19 ha llevado a Brasil a una emergencia humanitaria"}]},{"@type":"WebSite","@id":"https:\/\/pezgordon.com\/msf_dev\/#website","url":"https:\/\/pezgordon.com\/msf_dev\/","name":"M\u00e9dicos Sin Fronteras Colombia | Ayuda m\u00e9dico-humanitaria","description":"","publisher":{"@id":"https:\/\/pezgordon.com\/msf_dev\/#organization"},"potentialAction":[{"@type":"SearchAction","target":{"@type":"EntryPoint","urlTemplate":"https:\/\/pezgordon.com\/msf_dev\/?s={search_term_string}"},"query-input":"required name=search_term_string"}],"inLanguage":"es"},{"@type":"Organization","@id":"https:\/\/pezgordon.com\/msf_dev\/#organization","name":"M\u00e9dicos Sin Fronteras Colombia","alternateName":"MSF","url":"https:\/\/pezgordon.com\/msf_dev\/","logo":{"@type":"ImageObject","inLanguage":"es","@id":"https:\/\/pezgordon.com\/msf_dev\/#\/schema\/logo\/image\/","url":"https:\/\/pezgordon.com\/msf_dev\/wp-content\/uploads\/2023\/05\/msf_organization.png","contentUrl":"https:\/\/pezgordon.com\/msf_dev\/wp-content\/uploads\/2023\/05\/msf_organization.png","width":120,"height":120,"caption":"M\u00e9dicos Sin Fronteras Colombia"},"image":{"@id":"https:\/\/pezgordon.com\/msf_dev\/#\/schema\/logo\/image\/"},"sameAs":["https:\/\/www.facebook.com\/medicossinfronteras.ong","https:\/\/x.com\/MSF_Colombia","https:\/\/www.youtube.com\/user\/MedicosSinFronteras","https:\/\/www.tiktok.com\/@medicossinfronteras","https:\/\/www.instagram.com\/msf_sudamerica","https:\/\/www.linkedin.com\/company\/msf-latam\/mycompany\/"]},{"@type":"Person","@id":"https:\/\/pezgordon.com\/msf_dev\/#\/schema\/person\/054d70cc916aae3c9caa0dac8cbc71c6","name":"dev_ops","sameAs":["http:\/\/localhost\/medicos"]}]}},"menu_order":0,"_links":{"self":[{"href":"https:\/\/pezgordon.com\/msf_dev\/wp-json\/wp\/v2\/posts\/159"}],"collection":[{"href":"https:\/\/pezgordon.com\/msf_dev\/wp-json\/wp\/v2\/posts"}],"about":[{"href":"https:\/\/pezgordon.com\/msf_dev\/wp-json\/wp\/v2\/types\/post"}],"author":[{"embeddable":true,"href":"https:\/\/pezgordon.com\/msf_dev\/wp-json\/wp\/v2\/users\/1"}],"replies":[{"embeddable":true,"href":"https:\/\/pezgordon.com\/msf_dev\/wp-json\/wp\/v2\/comments?post=159"}],"version-history":[{"count":1,"href":"https:\/\/pezgordon.com\/msf_dev\/wp-json\/wp\/v2\/posts\/159\/revisions"}],"predecessor-version":[{"id":165,"href":"https:\/\/pezgordon.com\/msf_dev\/wp-json\/wp\/v2\/posts\/159\/revisions\/165"}],"wp:featuredmedia":[{"embeddable":true,"href":"https:\/\/pezgordon.com\/msf_dev\/wp-json\/wp\/v2\/media\/161"}],"wp:attachment":[{"href":"https:\/\/pezgordon.com\/msf_dev\/wp-json\/wp\/v2\/media?parent=159"}],"wp:term":[{"taxonomy":"category","embeddable":true,"href":"https:\/\/pezgordon.com\/msf_dev\/wp-json\/wp\/v2\/categories?post=159"},{"taxonomy":"post_tag","embeddable":true,"href":"https:\/\/pezgordon.com\/msf_dev\/wp-json\/wp\/v2\/tags?post=159"},{"taxonomy":"paises","embeddable":true,"href":"https:\/\/pezgordon.com\/msf_dev\/wp-json\/wp\/v2\/paises?post=159"}],"curies":[{"name":"wp","href":"https:\/\/api.w.org\/{rel}","templated":true}]}}